{"id":653642,"date":"2023-11-02T01:12:00","date_gmt":"2023-11-02T01:12:00","guid":{"rendered":"https:\/\/dimensionturistica.com\/es\/?p=653642"},"modified":"2023-11-02T01:12:00","modified_gmt":"2023-11-02T01:12:00","slug":"descubre-la-destacada-cita-culinaria-que-deslumbrara-a-merida","status":"publish","type":"post","link":"https:\/\/dimensionturistica.com\/es\/descubre-la-destacada-cita-culinaria-que-deslumbrara-a-merida\/","title":{"rendered":"Descubre la destacada cita culinaria que deslumbrar\u00e1 a M\u00e9rida"},"content":{"rendered":"<p>Sabores de Yucat\u00e1n: el imprescindible evento gastron\u00f3mico que har\u00e1 brillar a M\u00e9rida.<\/p>\n<p>Imag\u00ednate caminando por las coloridas calles de M\u00e9rida, la hermosa ciudad capital del estado de Yucat\u00e1n en M\u00e9xico. El sol caliente acaricia tu rostro mientras te sumerges en un ambiente lleno de cultura y tradici\u00f3n. Pero, \u00bfqu\u00e9 ser\u00eda de M\u00e9rida sin su exquisita gastronom\u00eda?<\/p>\n<p>Si eres un amante de la comida y la aventura, no puedes perderte el evento gastron\u00f3mico m\u00e1s importante de la regi\u00f3n: Sabores de Yucat\u00e1n. Este festival, que se llevar\u00e1 a cabo en los pr\u00f3ximos meses, promete deleitar los paladares m\u00e1s exigentes con una amplia variedad de platillos tradicionales yucatecos.<\/p>\n<p>La cocina yucateca es conocida por su mezcla de influencias ind\u00edgenas, espa\u00f1olas y \u00e1rabes. Sus sabores \u00fanicos y su rica historia hacen de cada bocado una experiencia inolvidable. Desde los famosos panuchos y salbutes, hasta el exquisito poc chuc y el tradicional platillo de cochinita pibil, cada platillo cuenta una historia y te transporta a otra \u00e9poca.<\/p>\n<p>Durante el festival, los chefs m\u00e1s destacados de Yucat\u00e1n se reunir\u00e1n en M\u00e9rida para exhibir su talento y compartir sus secretos culinarios. Los visitantes tendr\u00e1n la oportunidad de probar una amplia variedad de platillos, participar en catas de vinos y licores locales, y asistir a demostraciones en vivo donde podr\u00e1n aprender t\u00e9cnicas tradicionales de cocina.<\/p>\n<p>Pero Sabores de Yucat\u00e1n no se trata solo de la comida. Tambi\u00e9n es una oportunidad perfecta para descubrir la riqueza cultural de la regi\u00f3n. Podr\u00e1s explorar los sitios arqueol\u00f3gicos mayas cercanos, como Chich\u00e9n Itz\u00e1 y Uxmal, y maravillarte con las joyas arquitect\u00f3nicas de la ciudad, como la catedral de M\u00e9rida y el majestuoso Paseo de Montejo.<\/p>\n<p>Adem\u00e1s, la hospitalidad y calidez de la gente de Yucat\u00e1n te har\u00e1n sentir como en casa. Los lugare\u00f1os estar\u00e1n encantados de compartir contigo sus tradiciones, costumbres e historias. No dudes en preguntarles sobre las recetas familiares que han pasado de generaci\u00f3n en generaci\u00f3n, te sorprender\u00e1s con la pasi\u00f3n que tienen por su cocina.<\/p>\n<p>As\u00ed que, si est\u00e1s planeando tu pr\u00f3ximo viaje, no busques m\u00e1s. Sabores de Yucat\u00e1n es el evento perfecto para disfrutar de la gastronom\u00eda y la cultura de esta hermosa regi\u00f3n de M\u00e9xico. Prep\u00e1rate para saborear los aut\u00e9nticos aromas y sabores yucatecos, para sumergirte en la historia y el encanto de M\u00e9rida y para llevarte contigo recuerdos inolvidables.<\/p>\n<p>No te pierdas esta oportunidad \u00fanica. Marca tus calendarios y prep\u00e1rate para vivir una experiencia culinaria y cultural que te dejar\u00e1 sin aliento. \u00a1Te esperamos en M\u00e9rida y en Sabores de Yucat\u00e1n!<\/p>\n<p><em> &#8221; Sources foodandtravel.mx &#8221; <\/em><\/p>\n<p><em> &#8221; Fuentes foodandtravel.mx &#8221; <\/em><\/p>\n","protected":false},"excerpt":{"rendered":"<p>Sabores de Yucat\u00e1n: el imprescindible evento gastron\u00f3mico que har\u00e1 brillar a M\u00e9rida. Imag\u00ednate caminando por las coloridas calles de M\u00e9rida, la hermosa ciudad capital del estado de Yucat\u00e1n en M\u00e9xico. El sol caliente acaricia tu rostro mientras te sumerges en un ambiente lleno de cultura y tradici\u00f3n. Pero, \u00bfqu\u00e9 ser\u00eda de M\u00e9rida sin su exquisita [&hellip;]<\/p>\n","protected":false},"author":4,"featured_media":653643,"comment_status":"open","ping_status":"closed","sticky":false,"template":"","format":"standard","meta":{"om_disable_all_campaigns":false,"jnews-multi-image_gallery":[],"jnews_single_post":[],"jnews_primary_category":[],"jnews_social_meta":[],"footnotes":""},"categories":[39],"tags":[723,743,6548],"class_list":["post-653642","post","type-post","status-publish","format-standard","has-post-thumbnail","hentry","category-viajes","tag-evento","tag-gastronomia","tag-merida"],"_links":{"self":[{"href":"https:\/\/dimensionturistica.com\/es\/wp-json\/wp\/v2\/posts\/653642","targetHints":{"allow":["GET"]}}],"collection":[{"href":"https:\/\/dimensionturistica.com\/es\/wp-json\/wp\/v2\/posts"}],"about":[{"href":"https:\/\/dimensionturistica.com\/es\/wp-json\/wp\/v2\/types\/post"}],"author":[{"embeddable":true,"href":"https:\/\/dimensionturistica.com\/es\/wp-json\/wp\/v2\/users\/4"}],"replies":[{"embeddable":true,"href":"https:\/\/dimensionturistica.com\/es\/wp-json\/wp\/v2\/comments?post=653642"}],"version-history":[{"count":0,"href":"https:\/\/dimensionturistica.com\/es\/wp-json\/wp\/v2\/posts\/653642\/revisions"}],"wp:featuredmedia":[{"embeddable":true,"href":"https:\/\/dimensionturistica.com\/es\/wp-json\/wp\/v2\/media\/653643"}],"wp:attachment":[{"href":"https:\/\/dimensionturistica.com\/es\/wp-json\/wp\/v2\/media?parent=653642"}],"wp:term":[{"taxonomy":"category","embeddable":true,"href":"https:\/\/dimensionturistica.com\/es\/wp-json\/wp\/v2\/categories?post=653642"},{"taxonomy":"post_tag","embeddable":true,"href":"https:\/\/dimensionturistica.com\/es\/wp-json\/wp\/v2\/tags?post=653642"}],"curies":[{"name":"wp","href":"https:\/\/api.w.org\/{rel}","templated":true}]}}