{"id":653099,"date":"2023-11-01T07:51:41","date_gmt":"2023-11-01T07:51:41","guid":{"rendered":"https:\/\/dimensionturistica.com\/es\/?p=653099"},"modified":"2023-11-01T07:51:41","modified_gmt":"2023-11-01T07:51:41","slug":"la-nueva-forma-de-operar-los-viajes-del-imserso-en-galicia","status":"publish","type":"post","link":"https:\/\/dimensionturistica.com\/es\/la-nueva-forma-de-operar-los-viajes-del-imserso-en-galicia\/","title":{"rendered":"La nueva forma de operar los viajes del Imserso en Galicia"},"content":{"rendered":"<p>\u00a1Descubre las emocionantes novedades en los viajes del IMSERSO en Galicia!<\/p>\n<p>El Instituto de Mayores y Servicios Sociales (IMSERSO) ha anunciado una serie de cambios y mejoras en su programa de viajes para los gallegos mayores de 65 a\u00f1os. A partir de ahora, los residentes de esta hermosa regi\u00f3n tendr\u00e1n la oportunidad de disfrutar de una amplia variedad de destinos nacionales e internacionales, que prometen una experiencia inolvidable llena de aventuras y descubrimientos.<\/p>\n<p>Una de las grandes noticias para los aficionados a viajar es el aumento de la oferta de destinos internacionales. Ahora, los gallegos podr\u00e1n elegir entre una amplia gama de opciones, entre las que se incluyen ciudades europeas emblem\u00e1ticas como Par\u00eds, Roma o Berl\u00edn. Adem\u00e1s, se han a\u00f1adido destinos m\u00e1s ex\u00f3ticos, como Marrakech o Estambul, para aquellos que busquen vivir aventuras \u00fanicas y sumergirse en culturas fascinantes.<\/p>\n<p>Pero eso no es todo, ya que el IMSERSO tambi\u00e9n ha ampliado la oferta de destinos nacionales, brindando la oportunidad a los gallegos de recorrer los rincones m\u00e1s bellos de su propio pa\u00eds. Desde la vibrante Barcelona hasta la encantadora Sevilla, pasando por la m\u00e1gica Valencia o la cosmopolita Madrid, los viajeros podr\u00e1n elegir entre una amplia variedad de opciones que les permitir\u00e1n descubrir la riqueza y la diversidad de Espa\u00f1a.<\/p>\n<p>Uno de los aspectos m\u00e1s destacados de esta nueva propuesta de viajes es la posibilidad de disfrutar de paquetes todo incluido, que facilitar\u00e1n a los gallegos la planificaci\u00f3n y la organizaci\u00f3n de sus vacaciones. Esto significa que los viajeros contar\u00e1n con alojamiento, transporte y manutenci\u00f3n, adem\u00e1s de actividades y excursiones dise\u00f1adas especialmente para ellos. De este modo, podr\u00e1n relajarse y disfrutar de cada momento sin preocuparse por los detalles log\u00edsticos.<\/p>\n<p>Adem\u00e1s, el IMSERSO ha puesto especial \u00e9nfasis en la atenci\u00f3n a las necesidades de los viajeros. Se ha trabajado en colaboraci\u00f3n con empresas especializadas en turismo accesible para garantizar que todas las personas puedan disfrutar de los viajes en igualdad de condiciones. Se han adaptado los alojamientos, se han dise\u00f1ado rutas accesibles y se han incluido gu\u00edas especializados para asegurar que todos los viajeros tengan una experiencia agradable y enriquecedora.<\/p>\n<p>No cabe duda de que estas novedades en los viajes del IMSERSO para los gallegos suponen una gran oportunidad para descubrir nuevos destinos, conocer nuevas culturas y crear recuerdos imborrables. Tanto si eres un amante de los viajes internacionales como si prefieres disfrutar de los rincones de Espa\u00f1a, esta propuesta te ofrece todas las comodidades y opciones que necesitas.<\/p>\n<p>As\u00ed que, si eres residente en Galicia y tienes m\u00e1s de 65 a\u00f1os, no esperes m\u00e1s y aprovecha esta ocasi\u00f3n \u00fanica para vivir nuevas aventuras. Consulta el cat\u00e1logo de destinos, elige tu pr\u00f3ximo viaje y prep\u00e1rate para descubrir el mundo de la forma m\u00e1s c\u00f3moda y accesible posible.<\/p>\n<p>\u00a1No dejes que pase esta oportunidad, reserva tus pr\u00f3ximas vacaciones con IMSERSO y comienza una nueva e inolvidable aventura tur\u00edstica!<\/p>\n<p><em> &#8221; Sources www.65ymas.com &#8221; <\/em><\/p>\n<p><em> &#8221; Fuentes www.65ymas.com &#8221; <\/em><\/p>\n","protected":false},"excerpt":{"rendered":"<p>\u00a1Descubre las emocionantes novedades en los viajes del IMSERSO en Galicia! El Instituto de Mayores y Servicios Sociales (IMSERSO) ha anunciado una serie de cambios y mejoras en su programa de viajes para los gallegos mayores de 65 a\u00f1os. A partir de ahora, los residentes de esta hermosa regi\u00f3n tendr\u00e1n la oportunidad de disfrutar de [&hellip;]<\/p>\n","protected":false},"author":4,"featured_media":653100,"comment_status":"open","ping_status":"closed","sticky":false,"template":"","format":"standard","meta":{"om_disable_all_campaigns":false,"jnews-multi-image_gallery":[],"jnews_single_post":[],"jnews_primary_category":[],"jnews_social_meta":[],"footnotes":""},"categories":[39],"tags":[4852,813,685],"class_list":["post-653099","post","type-post","status-publish","format-standard","has-post-thumbnail","hentry","category-viajes","tag-galicia","tag-imserso","tag-travel"],"_links":{"self":[{"href":"https:\/\/dimensionturistica.com\/es\/wp-json\/wp\/v2\/posts\/653099","targetHints":{"allow":["GET"]}}],"collection":[{"href":"https:\/\/dimensionturistica.com\/es\/wp-json\/wp\/v2\/posts"}],"about":[{"href":"https:\/\/dimensionturistica.com\/es\/wp-json\/wp\/v2\/types\/post"}],"author":[{"embeddable":true,"href":"https:\/\/dimensionturistica.com\/es\/wp-json\/wp\/v2\/users\/4"}],"replies":[{"embeddable":true,"href":"https:\/\/dimensionturistica.com\/es\/wp-json\/wp\/v2\/comments?post=653099"}],"version-history":[{"count":0,"href":"https:\/\/dimensionturistica.com\/es\/wp-json\/wp\/v2\/posts\/653099\/revisions"}],"wp:featuredmedia":[{"embeddable":true,"href":"https:\/\/dimensionturistica.com\/es\/wp-json\/wp\/v2\/media\/653100"}],"wp:attachment":[{"href":"https:\/\/dimensionturistica.com\/es\/wp-json\/wp\/v2\/media?parent=653099"}],"wp:term":[{"taxonomy":"category","embeddable":true,"href":"https:\/\/dimensionturistica.com\/es\/wp-json\/wp\/v2\/categories?post=653099"},{"taxonomy":"post_tag","embeddable":true,"href":"https:\/\/dimensionturistica.com\/es\/wp-json\/wp\/v2\/tags?post=653099"}],"curies":[{"name":"wp","href":"https:\/\/api.w.org\/{rel}","templated":true}]}}