{"id":652136,"date":"2023-10-31T13:41:17","date_gmt":"2023-10-31T13:41:17","guid":{"rendered":"https:\/\/dimensionturistica.com\/es\/?p=652136"},"modified":"2023-10-31T13:41:17","modified_gmt":"2023-10-31T13:41:17","slug":"disminuyen-los-recursos-para-impulsar-el-turismo-y-la-industria-en-la-comunitat-valenciana","status":"publish","type":"post","link":"https:\/\/dimensionturistica.com\/es\/disminuyen-los-recursos-para-impulsar-el-turismo-y-la-industria-en-la-comunitat-valenciana\/","title":{"rendered":"Disminuyen los recursos para impulsar el turismo y la industria en la Comunitat Valenciana"},"content":{"rendered":"<p>La Comunitat Valenciana es un destino espectacular que seduce a millones de turistas cada a\u00f1o con sus playas de aguas cristalinas, su rica gastronom\u00eda y su incre\u00edble patrimonio cultural. Sin embargo, sorprendentemente, los fondos destinados a la promoci\u00f3n tur\u00edstica y a la pol\u00edtica industrial en esta regi\u00f3n han sufrido un preocupante descenso.<\/p>\n<p>En un art\u00edculo publicado recientemente en una reconocida revista de turismo, se revela que la Comunitat Valenciana est\u00e1 enfrentando una reducci\u00f3n significativa en los recursos destinados a la promoci\u00f3n tur\u00edstica y a la pol\u00edtica industrial. Esta noticia ha generado preocupaci\u00f3n entre los expertos y ha despertado un debate en torno a las consecuencias que esto podr\u00eda tener para el sector tur\u00edstico y econ\u00f3mico de la regi\u00f3n.<\/p>\n<p>La promoci\u00f3n tur\u00edstica es vital para atraer visitantes y fomentar el desarrollo tur\u00edstico en la Comunitat Valenciana. Sin embargo, los recortes en los fondos destinados a esta \u00e1rea podr\u00edan resultar en una disminuci\u00f3n de la visibilidad y competitividad de la regi\u00f3n en el mercado tur\u00edstico. Esto podr\u00eda llevar a un descenso en el n\u00famero de visitantes y, como consecuencia, a un impacto negativo en la econom\u00eda local.<\/p>\n<p>Por otro lado, la pol\u00edtica industrial es fundamental para impulsar el crecimiento econ\u00f3mico y la creaci\u00f3n de empleo en la Comunitat Valenciana. La reducci\u00f3n de los fondos destinados a esta \u00e1rea podr\u00eda significar la p\u00e9rdida de oportunidades para el desarrollo de nuevos proyectos y la modernizaci\u00f3n de las infraestructuras industriales. Esto podr\u00eda dificultar la generaci\u00f3n de empleo y el crecimiento de sectores clave para la econom\u00eda de la regi\u00f3n, como el turismo y la agricultura.<\/p>\n<p>Es innegable que la Comunitat Valenciana cuenta con atractivos tur\u00edsticos \u00fanicos y una riqueza cultural y natural impresionante. Sin embargo, es necesario invertir en la promoci\u00f3n tur\u00edstica y en la pol\u00edtica industrial para aprovechar al m\u00e1ximo todo su potencial. Por eso, es preocupante que se est\u00e9n reduciendo los recursos destinados a estas \u00e1reas.<\/p>\n<p>Es importante que tanto las autoridades locales como los actores del sector tur\u00edstico y econ\u00f3mico trabajen juntos para buscar soluciones y revertir esta tendencia. Deben colaborar en la b\u00fasqueda de nuevas fuentes de financiaci\u00f3n y en la implementaci\u00f3n de estrategias innovadoras y eficientes de promoci\u00f3n tur\u00edstica y pol\u00edtica industrial.<\/p>\n<p>La Comunitat Valenciana es un destino \u00fanico y excepcional que merece toda la atenci\u00f3n y el apoyo que se merece. Esperamos que las autoridades tomen conciencia de la importancia de invertir en la promoci\u00f3n tur\u00edstica y la pol\u00edtica industrial y tomen medidas para garantizar un futuro pr\u00f3spero y sostenible para esta maravillosa regi\u00f3n.<\/p>\n<p><em> &#8221; Sources gacetadelturismo.com &#8221; <\/em><\/p>\n<p><em> &#8221; Sources gacetadelturismo.com &#8221; <\/em><\/p>\n","protected":false},"excerpt":{"rendered":"<p>La Comunitat Valenciana es un destino espectacular que seduce a millones de turistas cada a\u00f1o con sus playas de aguas cristalinas, su rica gastronom\u00eda y su incre\u00edble patrimonio cultural. Sin embargo, sorprendentemente, los fondos destinados a la promoci\u00f3n tur\u00edstica y a la pol\u00edtica industrial en esta regi\u00f3n han sufrido un preocupante descenso. En un art\u00edculo [&hellip;]<\/p>\n","protected":false},"author":4,"featured_media":652137,"comment_status":"open","ping_status":"closed","sticky":false,"template":"","format":"standard","meta":{"om_disable_all_campaigns":false,"jnews-multi-image_gallery":[],"jnews_single_post":[],"jnews_primary_category":[],"jnews_social_meta":[],"footnotes":""},"categories":[40],"tags":[4110,114832,114836,114835,23921,14660,114833,114834,6765],"class_list":["post-652136","post","type-post","status-publish","format-standard","has-post-thumbnail","hentry","category-industria","tag-comunitat-valenciana","tag-destacada2","tag-funding-cuts","tag-industrial-policy","tag-montes","tag-nuria-montes","tag-presupuestos-2023","tag-presupuestos-2024","tag-tourism"],"_links":{"self":[{"href":"https:\/\/dimensionturistica.com\/es\/wp-json\/wp\/v2\/posts\/652136","targetHints":{"allow":["GET"]}}],"collection":[{"href":"https:\/\/dimensionturistica.com\/es\/wp-json\/wp\/v2\/posts"}],"about":[{"href":"https:\/\/dimensionturistica.com\/es\/wp-json\/wp\/v2\/types\/post"}],"author":[{"embeddable":true,"href":"https:\/\/dimensionturistica.com\/es\/wp-json\/wp\/v2\/users\/4"}],"replies":[{"embeddable":true,"href":"https:\/\/dimensionturistica.com\/es\/wp-json\/wp\/v2\/comments?post=652136"}],"version-history":[{"count":0,"href":"https:\/\/dimensionturistica.com\/es\/wp-json\/wp\/v2\/posts\/652136\/revisions"}],"wp:featuredmedia":[{"embeddable":true,"href":"https:\/\/dimensionturistica.com\/es\/wp-json\/wp\/v2\/media\/652137"}],"wp:attachment":[{"href":"https:\/\/dimensionturistica.com\/es\/wp-json\/wp\/v2\/media?parent=652136"}],"wp:term":[{"taxonomy":"category","embeddable":true,"href":"https:\/\/dimensionturistica.com\/es\/wp-json\/wp\/v2\/categories?post=652136"},{"taxonomy":"post_tag","embeddable":true,"href":"https:\/\/dimensionturistica.com\/es\/wp-json\/wp\/v2\/tags?post=652136"}],"curies":[{"name":"wp","href":"https:\/\/api.w.org\/{rel}","templated":true}]}}