{"id":652050,"date":"2023-10-30T21:13:01","date_gmt":"2023-10-30T21:13:01","guid":{"rendered":"https:\/\/dimensionturistica.com\/es\/?p=652050"},"modified":"2023-10-30T21:13:01","modified_gmt":"2023-10-30T21:13:01","slug":"organizacion-sin-fines-de-lucro-se-alia-con-centro-para-asuntos-rurales-y-el-consejo-regional-de-golden-hills-para-organizar-una-cumbre-sobre-alimentos-locales-noticias","status":"publish","type":"post","link":"https:\/\/dimensionturistica.com\/es\/organizacion-sin-fines-de-lucro-se-alia-con-centro-para-asuntos-rurales-y-el-consejo-regional-de-golden-hills-para-organizar-una-cumbre-sobre-alimentos-locales-noticias\/","title":{"rendered":"Organizaci\u00f3n sin fines de lucro se al\u00eda con Centro para Asuntos Rurales y el Consejo Regional de Golden Hills para organizar una cumbre sobre alimentos locales | Noticias"},"content":{"rendered":"<p>Descubre la Cumbre de Alimentos Locales en las Colinas Doradas de Iowa<\/p>\n<p>En el tranquilo paisaje rural de las Colinas Doradas de Iowa, se est\u00e1 llevando a cabo un evento \u00fanico que est\u00e1 revolucionando la forma en que disfrutamos de nuestra comida. El Centro de Asuntos Rurales y Golden Hills RC&#038;D se han unido para organizar la Cumbre de Alimentos Locales, un encuentro que re\u00fane a agricultores, chefs, productores y amantes de la buena cocina para celebrar y promover los productos locales de la regi\u00f3n.<\/p>\n<p>La Cumbre de Alimentos Locales es un fest\u00edn para todos los sentidos. Durante el evento, los asistentes tienen la oportunidad de degustar una amplia variedad de productos frescos cultivados en las tierras f\u00e9rtiles de Iowa. Desde frutas y verduras reci\u00e9n cosechadas hasta carnes y l\u00e1cteos producidos localmente, este evento celebra la diversidad y la calidad de los alimentos que se pueden encontrar en nuestro propio patio trasero.<\/p>\n<p>Pero la Cumbre de Alimentos Locales es mucho m\u00e1s que una simple muestra gastron\u00f3mica. Tambi\u00e9n es una plataforma para el intercambio de ideas y el aprendizaje. Durante el evento, los asistentes tienen la oportunidad de participar en una serie de conferencias y talleres impartidos por expertos en la industria alimentaria. Desde charlas sobre t\u00e9cnicas de cultivo sostenible hasta demostraciones de cocina con ingredientes locales, este evento es una fuente inagotable de conocimiento y creatividad.<\/p>\n<p>Uno de los aspectos m\u00e1s destacados de la Cumbre de Alimentos Locales es la oportunidad de conocer y apoyar a los peque\u00f1os agricultores de la regi\u00f3n. Estos agricultores, que se enorgullecen de cuidar de la tierra y de proporcionar alimentos de calidad, son los verdaderos h\u00e9roes de esta historia. Durante el evento, los asistentes tienen la oportunidad de comprar productos directamente de los agricultores, apoyando as\u00ed la econom\u00eda local y fomentando un sistema alimentario m\u00e1s sostenible y justo.<\/p>\n<p>Adem\u00e1s, la Cumbre de Alimentos Locales ofrece una gran variedad de actividades para toda la familia. Desde juegos y actividades para los m\u00e1s peque\u00f1os hasta m\u00fasica en vivo y bailes tradicionales para los adultos, este evento es una oportunidad \u00fanica para disfrutar de la belleza y el esp\u00edritu comunitario de las Colinas Doradas de Iowa.<\/p>\n<p>Si eres un amante de la comida, un defensor de la agricultura sostenible o simplemente alguien que quiere pasar un d\u00eda disfrutando de la belleza del campo, no puedes perderte la Cumbre de Alimentos Locales en las Colinas Doradas de Iowa. Un evento que te transportar\u00e1 a un mundo de sabores aut\u00e9nticos y te dejar\u00e1 con un profundo aprecio por los agricultores y productores locales. \u00a1No te lo pierdas!<\/p>\n<p><em> &#8221; Sources www.kmaland.com &#8221; <\/em><\/p>\n","protected":false},"excerpt":{"rendered":"<p>Descubre la Cumbre de Alimentos Locales en las Colinas Doradas de Iowa En el tranquilo paisaje rural de las Colinas Doradas de Iowa, se est\u00e1 llevando a cabo un evento \u00fanico que est\u00e1 revolucionando la forma en que disfrutamos de nuestra comida. El Centro de Asuntos Rurales y Golden Hills RC&#038;D se han unido para [&hellip;]<\/p>\n","protected":false},"author":2,"featured_media":652051,"comment_status":"open","ping_status":"closed","sticky":false,"template":"","format":"standard","meta":{"om_disable_all_campaigns":false,"jnews-multi-image_gallery":[],"jnews_single_post":[],"jnews_primary_category":[],"jnews_social_meta":[],"footnotes":""},"categories":[43],"tags":[114763,114764,114765,114762,229],"class_list":["post-652050","post","type-post","status-publish","format-standard","has-post-thumbnail","hentry","category-gourmet","tag-center-for-rural-affairs","tag-golden-hills-rcd","tag-local-foods-summit","tag-local_news","tag-news"],"_links":{"self":[{"href":"https:\/\/dimensionturistica.com\/es\/wp-json\/wp\/v2\/posts\/652050","targetHints":{"allow":["GET"]}}],"collection":[{"href":"https:\/\/dimensionturistica.com\/es\/wp-json\/wp\/v2\/posts"}],"about":[{"href":"https:\/\/dimensionturistica.com\/es\/wp-json\/wp\/v2\/types\/post"}],"author":[{"embeddable":true,"href":"https:\/\/dimensionturistica.com\/es\/wp-json\/wp\/v2\/users\/2"}],"replies":[{"embeddable":true,"href":"https:\/\/dimensionturistica.com\/es\/wp-json\/wp\/v2\/comments?post=652050"}],"version-history":[{"count":0,"href":"https:\/\/dimensionturistica.com\/es\/wp-json\/wp\/v2\/posts\/652050\/revisions"}],"wp:featuredmedia":[{"embeddable":true,"href":"https:\/\/dimensionturistica.com\/es\/wp-json\/wp\/v2\/media\/652051"}],"wp:attachment":[{"href":"https:\/\/dimensionturistica.com\/es\/wp-json\/wp\/v2\/media?parent=652050"}],"wp:term":[{"taxonomy":"category","embeddable":true,"href":"https:\/\/dimensionturistica.com\/es\/wp-json\/wp\/v2\/categories?post=652050"},{"taxonomy":"post_tag","embeddable":true,"href":"https:\/\/dimensionturistica.com\/es\/wp-json\/wp\/v2\/tags?post=652050"}],"curies":[{"name":"wp","href":"https:\/\/api.w.org\/{rel}","templated":true}]}}