{"id":651194,"date":"2023-10-29T16:44:25","date_gmt":"2023-10-29T16:44:25","guid":{"rendered":"https:\/\/dimensionturistica.com\/es\/?p=651194"},"modified":"2023-10-29T16:44:25","modified_gmt":"2023-10-29T16:44:25","slug":"explorando-la-desolacion-de-la-peor-sequia-en-decadas-en-el-corazon-de-la-amazonia-un-paisaje-paralizado","status":"publish","type":"post","link":"https:\/\/dimensionturistica.com\/es\/explorando-la-desolacion-de-la-peor-sequia-en-decadas-en-el-corazon-de-la-amazonia-un-paisaje-paralizado\/","title":{"rendered":"Explorando la desolaci\u00f3n de la peor sequ\u00eda en d\u00e9cadas en el coraz\u00f3n de la Amazonia: &#8220;Un paisaje paralizado&#8221;"},"content":{"rendered":"<p>Viaje al coraz\u00f3n de la peor sequ\u00eda en d\u00e9cadas de la Amazonia: aqu\u00ed todo est\u00e1 parado<\/p>\n<p>La majestuosidad y exuberancia de la selva amaz\u00f3nica han sido siempre una de las maravillas m\u00e1s asombrosas de nuestro planeta. Sin embargo, en los \u00faltimos a\u00f1os, una amenaza constante se ha cernido sobre esta vasta extensi\u00f3n de vegetaci\u00f3n: la sequ\u00eda. Hoy, nos adentramos en un viaje al coraz\u00f3n de la peor sequ\u00eda en d\u00e9cadas de la Amazonia, donde todo est\u00e1 paralizado.<\/p>\n<p>Nuestro punto de partida es una peque\u00f1a aldea situada en medio de la selva amaz\u00f3nica. El silencio es abrumador, solo roto por el susurro del viento y el crujir de las hojas secas bajo nuestros pies. Unas cuantas casas de madera rodean el \u00e1rea, habitadas por personas que luchan por sobrevivir en medio de una sequ\u00eda avasalladora.<\/p>\n<p>El impacto de esta sequ\u00eda es evidente a medida que avanzamos en nuestro viaje. Los r\u00edos y arroyos que sol\u00edan ser pr\u00edstinos y bulliciosos ahora son apenas un p\u00e1lido reflejo de lo que eran. Las embarcaciones que sol\u00edan navegar por estas aguas languidecen ahora en medio de charcos de barro. Los peces, una vez abundantes y variados, han desaparecido debido a la escasez de agua. La vida se ha detenido en este rinc\u00f3n de la Amazonia.<\/p>\n<p>A medida que recorremos la selva, los \u00e1rboles muestran se\u00f1ales preocupantes de sequedad. Las hojas arrugadas y marchitas son un recordatorio constante de la sed que azota a esta regi\u00f3n. Los animales que sol\u00edan habitar este lugar en grandes cantidades tambi\u00e9n han migrado en busca de agua y alimento. La soledad y la quietud son los \u00fanicos compa\u00f1eros que encontramos en nuestro camino.<\/p>\n<p>A medida que nos adentramos m\u00e1s en la selva, encontramos una comunidad ind\u00edgena que lucha por preservar su forma de vida ancestral en medio de la sequ\u00eda. Nos reciben con una hospitalidad conmovedora, compartiendo con nosotros sus tradiciones y su lucha diaria por sobrevivir. Nos hablan de c\u00f3mo han tenido que adaptarse a la falta de agua, de c\u00f3mo han aprendido a ser cada vez m\u00e1s autosuficientes y de c\u00f3mo se mantienen unidos como comunidad frente a la adversidad.<\/p>\n<p>La situaci\u00f3n que presenciamos nos golpea con fuerza. La peor sequ\u00eda en d\u00e9cadas ha dejado su huella imborrable en la Amazonia. Nos damos cuenta de que esta crisis no es solo una amenaza para la biodiversidad y el equilibrio del ecosistema, sino tambi\u00e9n para la supervivencia de las comunidades que dependen de esta regi\u00f3n para su sustento.<\/p>\n<p>Este viaje al coraz\u00f3n de la peor sequ\u00eda en d\u00e9cadas de la Amazonia nos ha revelado una realidad desgarradora. Nos enfrentamos a un desaf\u00edo sin precedentes, donde la preservaci\u00f3n de la selva amaz\u00f3nica se vuelve fundamental para evitar consecuencias irreparables. Es nuestra responsabilidad actuar antes de que sea demasiado tarde.<\/p>\n<p>Al regresar a casa, nos llevamos un mensaje urgente en nuestro coraz\u00f3n. La Amazonia necesita nuestra ayuda. Es hora de tomar conciencia, de comprometernos con la conservaci\u00f3n y de actuar para combatir el cambio clim\u00e1tico. Solo juntos podremos preservar esta joya de la naturaleza y asegurar que las futuras generaciones puedan disfrutar de su esplendor.<\/p>\n<p>En nuestra aventura, hemos experimentado el silencio, la desolaci\u00f3n y la lucha diaria de aquellos que viven en la Amazonia. Nos ha cambiado profundamente. Palpamos la urgencia de la acci\u00f3n y prometemos hacer todo lo posible para proteger este tesoro invaluable.<\/p>\n<p>El viaje al coraz\u00f3n de la peor sequ\u00eda en d\u00e9cadas de la Amazonia nos ha ense\u00f1ado una lecci\u00f3n decisiva: el tiempo se agota y el futuro de la selva amaz\u00f3nica, de nuestras comunidades y de nuestro planeta est\u00e1 en nuestras manos.<\/p>\n<p><em> &#8221; Sources www.infobae.com &#8221; <\/em><\/p>\n<p><em> &#8221; Sources www.infobae.com &#8221; <\/em><\/p>\n","protected":false},"excerpt":{"rendered":"<p>Viaje al coraz\u00f3n de la peor sequ\u00eda en d\u00e9cadas de la Amazonia: aqu\u00ed todo est\u00e1 parado La majestuosidad y exuberancia de la selva amaz\u00f3nica han sido siempre una de las maravillas m\u00e1s asombrosas de nuestro planeta. Sin embargo, en los \u00faltimos a\u00f1os, una amenaza constante se ha cernido sobre esta vasta extensi\u00f3n de vegetaci\u00f3n: la [&hellip;]<\/p>\n","protected":false},"author":4,"featured_media":651195,"comment_status":"open","ping_status":"closed","sticky":false,"template":"","format":"standard","meta":{"om_disable_all_campaigns":false,"jnews-multi-image_gallery":[],"jnews_single_post":[],"jnews_primary_category":[],"jnews_social_meta":[],"footnotes":""},"categories":[40],"tags":[2372,5622,13243,2040,10973,26281,681],"class_list":["post-651194","post","type-post","status-publish","format-standard","has-post-thumbnail","hentry","category-industria","tag-amazonia","tag-corazon","tag-decadas","tag-parado","tag-peor","tag-sequia","tag-viaje"],"_links":{"self":[{"href":"https:\/\/dimensionturistica.com\/es\/wp-json\/wp\/v2\/posts\/651194","targetHints":{"allow":["GET"]}}],"collection":[{"href":"https:\/\/dimensionturistica.com\/es\/wp-json\/wp\/v2\/posts"}],"about":[{"href":"https:\/\/dimensionturistica.com\/es\/wp-json\/wp\/v2\/types\/post"}],"author":[{"embeddable":true,"href":"https:\/\/dimensionturistica.com\/es\/wp-json\/wp\/v2\/users\/4"}],"replies":[{"embeddable":true,"href":"https:\/\/dimensionturistica.com\/es\/wp-json\/wp\/v2\/comments?post=651194"}],"version-history":[{"count":0,"href":"https:\/\/dimensionturistica.com\/es\/wp-json\/wp\/v2\/posts\/651194\/revisions"}],"wp:featuredmedia":[{"embeddable":true,"href":"https:\/\/dimensionturistica.com\/es\/wp-json\/wp\/v2\/media\/651195"}],"wp:attachment":[{"href":"https:\/\/dimensionturistica.com\/es\/wp-json\/wp\/v2\/media?parent=651194"}],"wp:term":[{"taxonomy":"category","embeddable":true,"href":"https:\/\/dimensionturistica.com\/es\/wp-json\/wp\/v2\/categories?post=651194"},{"taxonomy":"post_tag","embeddable":true,"href":"https:\/\/dimensionturistica.com\/es\/wp-json\/wp\/v2\/tags?post=651194"}],"curies":[{"name":"wp","href":"https:\/\/api.w.org\/{rel}","templated":true}]}}