{"id":649516,"date":"2023-10-27T08:34:40","date_gmt":"2023-10-27T08:34:40","guid":{"rendered":"https:\/\/dimensionturistica.com\/es\/?p=649516"},"modified":"2023-10-27T08:34:40","modified_gmt":"2023-10-27T08:34:40","slug":"reserva-tu-lugar-en-los-viajes-del-imserso-antes-de-que-se-agoten-ya-puedes-reservar-en-estas-regiones-espanolas","status":"publish","type":"post","link":"https:\/\/dimensionturistica.com\/es\/reserva-tu-lugar-en-los-viajes-del-imserso-antes-de-que-se-agoten-ya-puedes-reservar-en-estas-regiones-espanolas\/","title":{"rendered":"Reserva tu lugar en los viajes del Imserso antes de que se agoten: ya puedes reservar en estas regiones espa\u00f1olas."},"content":{"rendered":"<p>Descubre los encantos de Espa\u00f1a con el programa de viajes del Imserso<\/p>\n<p>Si eres amante de los viajes y est\u00e1s en busca de nuevas aventuras por descubrir, tenemos buenas noticias para ti. El Instituto de Mayores y Servicios Sociales (Imserso) ha lanzado su tan esperado programa de viajes para este a\u00f1o, ofreciendo a los mayores de 65 a\u00f1os la oportunidad de explorar los rincones m\u00e1s bellos de Espa\u00f1a a precios asequibles.<\/p>\n<p>\u00bfQu\u00e9 es el programa de viajes del Imserso? Es una iniciativa del gobierno espa\u00f1ol para fomentar el turismo entre los pensionistas y mejorar su calidad de vida a trav\u00e9s de la experiencia de viajar. Con m\u00e1s de 400 destinos repartidos por todo el pa\u00eds, este programa ofrece una amplia variedad de opciones para que los viajeros elijan el destino que m\u00e1s se adapte a sus gustos y preferencias.<\/p>\n<p>Desde el esplendor de las costas mediterr\u00e1neas hasta la majestuosidad de las ciudades hist\u00f3ricas como Sevilla y Granada, pasando por la belleza natural de los Picos de Europa o las Islas Canarias, hay algo para todos los gustos. \u00bfPrefieres un destino m\u00e1s cultural o te sientes m\u00e1s atra\u00eddo por la vida al aire libre? No importa cu\u00e1les sean tus preferencias, el programa de viajes del Imserso tiene algo para ti.<\/p>\n<p>Pero esto no es todo, lo mejor de todo es que estos viajes son asequibles para todos. Gracias a los convenios establecidos entre el Imserso y las agencias de viajes, los pensionistas pueden disfrutar de descuentos significativos en el precio final de su viaje. No importa cu\u00e1l sea tu presupuesto, seguro encontrar\u00e1s una opci\u00f3n que se ajuste a tus necesidades.<\/p>\n<p>Adem\u00e1s, el programa de viajes del Imserso tambi\u00e9n ofrece una gran variedad de servicios complementarios. Desde alojamiento en hoteles de calidad, r\u00e9gimen de pensi\u00f3n completa, transporte y excursiones organizadas, todo est\u00e1 dise\u00f1ado para hacer que tu experiencia de viaje sea lo m\u00e1s c\u00f3moda y placentera posible.<\/p>\n<p>En definitiva, el programa de viajes del Imserso es una oportunidad \u00fanica para descubrir los encantos de nuestro hermoso pa\u00eds. As\u00ed que no lo pienses m\u00e1s y reserva tu pr\u00f3ximo viaje. Emprende una aventura llena de cultura, naturaleza y paisajes impresionantes. Disfruta de momentos inolvidables mientras conoces gente nueva y creas recuerdos que perdurar\u00e1n para siempre.<\/p>\n<p>No importa si eres un viajero experimentado o si est\u00e1s planeando tu primer viaje, el programa de viajes del Imserso est\u00e1 dise\u00f1ado para satisfacer las necesidades de todos. As\u00ed que no pierdas m\u00e1s tiempo y comienza a planificar tu pr\u00f3ximo destino. Descubre Espa\u00f1a de una manera \u00fanica y especial a trav\u00e9s de este programa que te llevar\u00e1 a lugares que nunca imaginaste.<\/p>\n<p>Haz las maletas, elige tu pr\u00f3ximo destino y prep\u00e1rate para vivir una de las mejores experiencias de tu vida. El programa de viajes del Imserso te espera con los brazos abiertos para mostrarte lo mejor de nuestro pa\u00eds. \u00a1No te lo pierdas!<\/p>\n<p><em> &#8221; Sources www.economiadigital.es &#8221; <\/em><\/p>\n<p><em> &#8221; Sources www.economiadigital.es &#8221; <\/em><\/p>\n","protected":false},"excerpt":{"rendered":"<p>Descubre los encantos de Espa\u00f1a con el programa de viajes del Imserso Si eres amante de los viajes y est\u00e1s en busca de nuevas aventuras por descubrir, tenemos buenas noticias para ti. El Instituto de Mayores y Servicios Sociales (Imserso) ha lanzado su tan esperado programa de viajes para este a\u00f1o, ofreciendo a los mayores [&hellip;]<\/p>\n","protected":false},"author":4,"featured_media":649517,"comment_status":"open","ping_status":"closed","sticky":false,"template":"","format":"standard","meta":{"om_disable_all_campaigns":false,"jnews-multi-image_gallery":[],"jnews_single_post":[],"jnews_primary_category":[],"jnews_social_meta":[],"footnotes":""},"categories":[40],"tags":[75327,113066,73439,813],"class_list":["post-649516","post","type-post","status-publish","format-standard","has-post-thumbnail","hentry","category-industria","tag-but-as-an-ai-language-model","tag-i-cannot-access-current-articles-or-provide-real-time-information-however","tag-im-sorry","tag-imserso"],"_links":{"self":[{"href":"https:\/\/dimensionturistica.com\/es\/wp-json\/wp\/v2\/posts\/649516","targetHints":{"allow":["GET"]}}],"collection":[{"href":"https:\/\/dimensionturistica.com\/es\/wp-json\/wp\/v2\/posts"}],"about":[{"href":"https:\/\/dimensionturistica.com\/es\/wp-json\/wp\/v2\/types\/post"}],"author":[{"embeddable":true,"href":"https:\/\/dimensionturistica.com\/es\/wp-json\/wp\/v2\/users\/4"}],"replies":[{"embeddable":true,"href":"https:\/\/dimensionturistica.com\/es\/wp-json\/wp\/v2\/comments?post=649516"}],"version-history":[{"count":0,"href":"https:\/\/dimensionturistica.com\/es\/wp-json\/wp\/v2\/posts\/649516\/revisions"}],"wp:featuredmedia":[{"embeddable":true,"href":"https:\/\/dimensionturistica.com\/es\/wp-json\/wp\/v2\/media\/649517"}],"wp:attachment":[{"href":"https:\/\/dimensionturistica.com\/es\/wp-json\/wp\/v2\/media?parent=649516"}],"wp:term":[{"taxonomy":"category","embeddable":true,"href":"https:\/\/dimensionturistica.com\/es\/wp-json\/wp\/v2\/categories?post=649516"},{"taxonomy":"post_tag","embeddable":true,"href":"https:\/\/dimensionturistica.com\/es\/wp-json\/wp\/v2\/tags?post=649516"}],"curies":[{"name":"wp","href":"https:\/\/api.w.org\/{rel}","templated":true}]}}