{"id":648668,"date":"2023-10-26T12:01:13","date_gmt":"2023-10-26T12:01:13","guid":{"rendered":"https:\/\/dimensionturistica.com\/es\/?p=648668"},"modified":"2023-10-26T12:01:13","modified_gmt":"2023-10-26T12:01:13","slug":"las-reservas-para-los-viajes-del-programa-imserso-estaran-disponibles-a-partir-de-este-jueves","status":"publish","type":"post","link":"https:\/\/dimensionturistica.com\/es\/las-reservas-para-los-viajes-del-programa-imserso-estaran-disponibles-a-partir-de-este-jueves\/","title":{"rendered":"Las reservas para los viajes del programa Imserso estar\u00e1n disponibles a partir de este jueves."},"content":{"rendered":"<p>El mundo de los viajes es apasionante y siempre nos brinda nuevas oportunidades para descubrir lugares incre\u00edbles. Y esta vez, no podemos dejar pasar la incre\u00edble noticia que ha llegado a nuestros o\u00eddos: \u00a1Los viajes del Imserso se pueden reservar desde este jueves!<\/p>\n<p>El Instituto de Mayores y Servicios Sociales (Imserso) ha lanzado su programa de viajes para el pr\u00f3ximo a\u00f1o, y las reservas ya est\u00e1n disponibles para todos aquellos que deseen disfrutar de unas vacaciones inolvidables. \u00bfQui\u00e9n no sue\u00f1a con conocer nuevos destinos, relajarse en playas paradis\u00edacas o sumergirse en la cultura de pa\u00edses extranjeros?<\/p>\n<p>El Imserso es conocido por ofrecer viajes a precios accesibles y espec\u00edficamente dise\u00f1ados para personas mayores, fomentando as\u00ed el turismo inclusivo y la posibilidad de que todos disfruten de experiencias \u00fanicas. \u00bfQu\u00e9 m\u00e1s se puede pedir? Ahora, con la apertura de las reservas, el sue\u00f1o de unas vacaciones espectaculares est\u00e1 m\u00e1s cerca que nunca.<\/p>\n<p>Y es que el cat\u00e1logo de destinos y actividades propuestos por el Imserso es simplemente impresionante. Desde escapadas a ciudades emblem\u00e1ticas de Europa, hasta estancias en hoteles de lujo en las costas m\u00e1s hermosas de nuestro pa\u00eds. Todo est\u00e1 pensado para que cada viajero encuentre la opci\u00f3n que mejor se adapte a sus gustos y necesidades.<\/p>\n<p>Uno de los aspectos m\u00e1s destacados de los viajes del Imserso es la calidad de los servicios que se ofrecen. Desde el alojamiento en hoteles de primera categor\u00eda, hasta las excursiones y actividades organizadas, todo est\u00e1 planificado al detalle para garantizar una experiencia inolvidable. Adem\u00e1s, los viajeros cuentan con el apoyo de un equipo de profesionales que se encargan de hacer que cada momento sea especial.<\/p>\n<p>Sin duda, reservar un viaje del Imserso es una oportunidad que no se puede dejar pasar. Pero es importante tener en cuenta que las plazas son limitadas, por lo que es recomendable no esperar mucho tiempo para hacer la reserva. La demanda es alta y los destinos m\u00e1s populares suelen agotarse r\u00e1pidamente.<\/p>\n<p>As\u00ed que ya sabes, si est\u00e1s pensando en disfrutar de unas vacaciones inolvidables el pr\u00f3ximo a\u00f1o, no pierdas m\u00e1s tiempo y entra en la p\u00e1gina web del Imserso para reservar el viaje de tus sue\u00f1os. No te arrepentir\u00e1s.<\/p>\n<p>Viajar es uno de los mayores placeres de la vida, y poder hacerlo de la mano del Imserso es toda una garant\u00eda de \u00e9xito. No importa si viajas solo, con amigos o con tu pareja, cada experiencia ser\u00e1 \u00fanica y te permitir\u00e1 crear recuerdos imborrables.<\/p>\n<p>En definitiva, los viajes del Imserso son una oportunidad \u00fanica para conocer nuevos destinos, disfrutar de unas vacaciones de ensue\u00f1o y, sobre todo, hacerlo en compa\u00f1\u00eda de personas que comparten tus mismos gustos e ilusiones. No dejes escapar esta experiencia y reserva tu viaje hoy mismo. No pierdas la oportunidad de vivir momentos m\u00e1gicos y descubrir un mundo lleno de sorpresas.<\/p>\n<p>\u00a1Aventura, relax y diversi\u00f3n te esperan en los viajes del Imserso!<\/p>\n<p><em> &#8221; Sources www.infobae.com &#8221; <\/em><\/p>\n<p><em> &#8221; Fuentes www.infobae.com &#8221; <\/em><\/p>\n","protected":false},"excerpt":{"rendered":"<p>El mundo de los viajes es apasionante y siempre nos brinda nuevas oportunidades para descubrir lugares incre\u00edbles. Y esta vez, no podemos dejar pasar la incre\u00edble noticia que ha llegado a nuestros o\u00eddos: \u00a1Los viajes del Imserso se pueden reservar desde este jueves! El Instituto de Mayores y Servicios Sociales (Imserso) ha lanzado su programa [&hellip;]<\/p>\n","protected":false},"author":4,"featured_media":648669,"comment_status":"open","ping_status":"closed","sticky":false,"template":"","format":"standard","meta":{"om_disable_all_campaigns":false,"jnews-multi-image_gallery":[],"jnews_single_post":[],"jnews_primary_category":[],"jnews_social_meta":[],"footnotes":""},"categories":[39],"tags":[813,1865,545],"class_list":["post-648668","post","type-post","status-publish","format-standard","has-post-thumbnail","hentry","category-viajes","tag-imserso","tag-reservas","tag-viajes"],"_links":{"self":[{"href":"https:\/\/dimensionturistica.com\/es\/wp-json\/wp\/v2\/posts\/648668","targetHints":{"allow":["GET"]}}],"collection":[{"href":"https:\/\/dimensionturistica.com\/es\/wp-json\/wp\/v2\/posts"}],"about":[{"href":"https:\/\/dimensionturistica.com\/es\/wp-json\/wp\/v2\/types\/post"}],"author":[{"embeddable":true,"href":"https:\/\/dimensionturistica.com\/es\/wp-json\/wp\/v2\/users\/4"}],"replies":[{"embeddable":true,"href":"https:\/\/dimensionturistica.com\/es\/wp-json\/wp\/v2\/comments?post=648668"}],"version-history":[{"count":0,"href":"https:\/\/dimensionturistica.com\/es\/wp-json\/wp\/v2\/posts\/648668\/revisions"}],"wp:featuredmedia":[{"embeddable":true,"href":"https:\/\/dimensionturistica.com\/es\/wp-json\/wp\/v2\/media\/648669"}],"wp:attachment":[{"href":"https:\/\/dimensionturistica.com\/es\/wp-json\/wp\/v2\/media?parent=648668"}],"wp:term":[{"taxonomy":"category","embeddable":true,"href":"https:\/\/dimensionturistica.com\/es\/wp-json\/wp\/v2\/categories?post=648668"},{"taxonomy":"post_tag","embeddable":true,"href":"https:\/\/dimensionturistica.com\/es\/wp-json\/wp\/v2\/tags?post=648668"}],"curies":[{"name":"wp","href":"https:\/\/api.w.org\/{rel}","templated":true}]}}