{"id":648528,"date":"2023-10-26T08:44:41","date_gmt":"2023-10-26T08:44:41","guid":{"rendered":"https:\/\/dimensionturistica.com\/es\/?p=648528"},"modified":"2023-10-26T08:44:41","modified_gmt":"2023-10-26T08:44:41","slug":"anuncian-el-inicio-de-la-venta-de-paquetes-de-viaje-para-la-temporada-2023-2024-con-la-incorporacion-de-70-000-lugares-extra","status":"publish","type":"post","link":"https:\/\/dimensionturistica.com\/es\/anuncian-el-inicio-de-la-venta-de-paquetes-de-viaje-para-la-temporada-2023-2024-con-la-incorporacion-de-70-000-lugares-extra\/","title":{"rendered":"Anuncian el inicio de la venta de paquetes de viaje para la temporada 2023-2024 con la incorporaci\u00f3n de 70.000 lugares extra."},"content":{"rendered":"<p>\u00a1Descubre todas las novedades de los viajes del Imserso para la temporada 2023\/2024!<\/p>\n<p>Si eres amante de los viajes y est\u00e1s buscando opciones para disfrutar de tus vacaciones de una forma \u00fanica, no puedes perderte las \u00faltimas noticias que ha anunciado el Instituto de Mayores y Servicios Sociales (Imserso). \u00a1Prep\u00e1rate para conocer 70,000 plazas adicionales que te har\u00e1n enamorarte a\u00fan m\u00e1s de viajar!<\/p>\n<p>En esta temporada, el Imserso ha decidido sorprender a todos los viajeros con una oferta irresistible y llena de oportunidades. \u00bfQuieres saber m\u00e1s? Pues sigue leyendo porque te contamos todos los detalles.<\/p>\n<p>Una de las principales novedades para este a\u00f1o es la amplia variedad de destinos disponibles. Tanto si eres de los que disfruta de un relax en la playa, como si prefieres adentrarte en los encantos de un destino cultural o descubrir la belleza de la naturaleza, el Imserso tiene algo para ti.<\/p>\n<p>Si te encanta el mar y la arena, no puedes dejar pasar la oportunidad de visitar los destinos de costa. Desde las incre\u00edbles playas de la Costa del Sol hasta la tranquilidad de la Costa Brava, podr\u00e1s disfrutar del clima mediterr\u00e1neo y desconectar de la rutina en un entorno paradis\u00edaco.<\/p>\n<p>Pero si lo tuyo es la historia y la cultura, no te preocupes, el Imserso tambi\u00e9n tiene opciones para ti. Podr\u00e1s descubrir las joyas arquitect\u00f3nicas de ciudades como Barcelona o Granada, o sumergirte en la magia de la Alhambra. Adem\u00e1s, podr\u00e1s visitar museos, galer\u00edas de arte y disfrutar de espect\u00e1culos culturales.<\/p>\n<p>Y para los amantes de la naturaleza, el Imserso ofrece una amplia gama de rutas y excursiones para que puedas disfrutar de los paisajes m\u00e1s impresionantes de nuestro pa\u00eds. Desde los Picos de Europa hasta la Sierra de Gredos, tendr\u00e1s la oportunidad de maravillarte con la flora y fauna de cada lugar.<\/p>\n<p>Adem\u00e1s de la variedad de destinos, el Imserso ha implementado importantes medidas de seguridad y prevenci\u00f3n para garantizar la tranquilidad de todos los viajeros. Se han establecido protocolos sanitarios en todos los viajes, adaptados a las normativas vigentes, para que puedas disfrutar de tus vacaciones con total confianza.<\/p>\n<p>El proceso de reserva de los viajes del Imserso es muy sencillo. A trav\u00e9s de su p\u00e1gina web o llamando a su tel\u00e9fono de atenci\u00f3n al cliente, podr\u00e1s elegir el destino y las fechas que mejor se adapten a tus necesidades. Adem\u00e1s, el Imserso ofrece descuentos y facilidades de pago para que puedas disfrutar de tus vacaciones al m\u00e1ximo.<\/p>\n<p>No pierdas la oportunidad de vivir una experiencia \u00fanica y llena de emociones en tus pr\u00f3ximas vacaciones. Descubre todo lo que el Imserso tiene preparado para ti en la temporada 2023\/2024 y d\u00e9jate llevar por la magia de viajar.<\/p>\n<p>\u00a1Comienza a planear tus pr\u00f3ximas vacaciones con el Imserso y empieza a crear recuerdos inolvidables!<\/p>\n<p><em> &#8221; Sources www.larazon.es &#8221; <\/em><\/p>\n<p><em> &#8221; Fuentes www.larazon.es &#8221; <\/em><\/p>\n","protected":false},"excerpt":{"rendered":"<p>\u00a1Descubre todas las novedades de los viajes del Imserso para la temporada 2023\/2024! Si eres amante de los viajes y est\u00e1s buscando opciones para disfrutar de tus vacaciones de una forma \u00fanica, no puedes perderte las \u00faltimas noticias que ha anunciado el Instituto de Mayores y Servicios Sociales (Imserso). \u00a1Prep\u00e1rate para conocer 70,000 plazas adicionales [&hellip;]<\/p>\n","protected":false},"author":4,"featured_media":648529,"comment_status":"open","ping_status":"closed","sticky":false,"template":"","format":"standard","meta":{"om_disable_all_campaigns":false,"jnews-multi-image_gallery":[],"jnews_single_post":[],"jnews_primary_category":[],"jnews_social_meta":[],"footnotes":""},"categories":[39],"tags":[112470,73439],"class_list":["post-648528","post","type-post","status-publish","format-standard","has-post-thumbnail","hentry","category-viajes","tag-but-i-cannot-generate-the-tags-for-a-given-title-without-any-context-or-information-the-tags-would-depend-on-the-subject-or-topics-covered-in-the-article","tag-im-sorry"],"_links":{"self":[{"href":"https:\/\/dimensionturistica.com\/es\/wp-json\/wp\/v2\/posts\/648528","targetHints":{"allow":["GET"]}}],"collection":[{"href":"https:\/\/dimensionturistica.com\/es\/wp-json\/wp\/v2\/posts"}],"about":[{"href":"https:\/\/dimensionturistica.com\/es\/wp-json\/wp\/v2\/types\/post"}],"author":[{"embeddable":true,"href":"https:\/\/dimensionturistica.com\/es\/wp-json\/wp\/v2\/users\/4"}],"replies":[{"embeddable":true,"href":"https:\/\/dimensionturistica.com\/es\/wp-json\/wp\/v2\/comments?post=648528"}],"version-history":[{"count":0,"href":"https:\/\/dimensionturistica.com\/es\/wp-json\/wp\/v2\/posts\/648528\/revisions"}],"wp:featuredmedia":[{"embeddable":true,"href":"https:\/\/dimensionturistica.com\/es\/wp-json\/wp\/v2\/media\/648529"}],"wp:attachment":[{"href":"https:\/\/dimensionturistica.com\/es\/wp-json\/wp\/v2\/media?parent=648528"}],"wp:term":[{"taxonomy":"category","embeddable":true,"href":"https:\/\/dimensionturistica.com\/es\/wp-json\/wp\/v2\/categories?post=648528"},{"taxonomy":"post_tag","embeddable":true,"href":"https:\/\/dimensionturistica.com\/es\/wp-json\/wp\/v2\/tags?post=648528"}],"curies":[{"name":"wp","href":"https:\/\/api.w.org\/{rel}","templated":true}]}}