{"id":644740,"date":"2023-10-19T13:56:25","date_gmt":"2023-10-19T13:56:25","guid":{"rendered":"https:\/\/dimensionturistica.com\/es\/?p=644740"},"modified":"2023-10-19T13:56:25","modified_gmt":"2023-10-19T13:56:25","slug":"nueva-controversia-surge-en-cancun-por-negar-la-entrada-a-visitantes-en-el-aeropuerto","status":"publish","type":"post","link":"https:\/\/dimensionturistica.com\/es\/nueva-controversia-surge-en-cancun-por-negar-la-entrada-a-visitantes-en-el-aeropuerto\/","title":{"rendered":"Nueva controversia surge en Canc\u00fan por negar la entrada a visitantes en el aeropuerto"},"content":{"rendered":"<p>Canc\u00fan y su eterna dualidad: un para\u00edso de bienvenida condicionada<\/p>\n<p>Sum\u00e9rgete en las aguas cristalinas del Mar Caribe, siente la arena blanca acariciando tus pies y d\u00e9jate envolver por la belleza sin igual de Canc\u00fan. Este destino tur\u00edstico de renombre mundial ha sido fuente de enamoramiento y controversia en igual medida a lo largo de los a\u00f1os. Sin embargo, hoy nos enfrentamos a una nueva pol\u00e9mica que ha sacudido las bases de esta ic\u00f3nica ciudad mexicana.<\/p>\n<p>Recientemente, el aeropuerto de Canc\u00fan ha sido escenario de un rechazo inusual hacia los turistas. S\u00ed, has le\u00eddo bien. Turistas que llegan con la ilusi\u00f3n de explorar sus playas y deleitarse con su rica cultura han sido recibidos con puertas cerradas y negativas ins\u00f3litas.<\/p>\n<p>La pregunta que surge es, \u00bfpor qu\u00e9? \u00bfAcaso Canc\u00fan se ha cerrado al mundo? La respuesta es m\u00e1s compleja de lo que podemos imaginar. La pandemia mundial ha dejado cicatrices en todos los rincones del planeta, y Canc\u00fan no ha sido la excepci\u00f3n. Las restricciones de viaje y los temores generados por el COVID-19 han llevado a una crisis sin precedentes en la industria tur\u00edstica.<\/p>\n<p>Las autoridades locales de Canc\u00fan se han visto en una situaci\u00f3n delicada, intentando equilibrar la reactivaci\u00f3n econ\u00f3mica de la ciudad y la protecci\u00f3n de la salud p\u00fablica. Este debate ha creado una polarizaci\u00f3n en la sociedad de Canc\u00fan que se refleja claramente en la forma en que se recibe a los turistas en el aeropuerto.<\/p>\n<p>Por un lado, est\u00e1n aquellos que defienden el derecho a un turismo responsable y seguro. Argumentan que, mientras el mundo lucha por controlar la propagaci\u00f3n del virus, es necesario ser cautelosos y garantizar la salud tanto de los turistas como de los residentes locales. Para ellos, las medidas de restricci\u00f3n y el rechazo a algunos turistas son necesarios para mantener a Canc\u00fan en pie.<\/p>\n<p>Por otro lado, est\u00e1n aquellos que argumentan que el turismo es la principal fuente de ingresos para la regi\u00f3n, y que sin \u00e9l, la econom\u00eda de Canc\u00fan colapsar\u00eda. Para ellos, es injusto y perjudicial rechazar a los turistas sin tener en cuenta las consecuencias econ\u00f3micas devastadoras que esto puede generar.<\/p>\n<p>Esta dualidad de opiniones ha creado un ambiente tenso en Canc\u00fan, donde la incertidumbre y la falta de consenso son palpables. Sin embargo, en medio de esta controversia, es importante destacar que Canc\u00fan contin\u00faa siendo un destino deseado por millones de personas alrededor del mundo.<\/p>\n<p>La riqueza natural, cultural e hist\u00f3rica de Canc\u00fan trasciende cualquier pol\u00e9mica temporal. Sus playas de ensue\u00f1o, su gastronom\u00eda exquisita y su herencia maya siguen siendo razones suficientes para considerarlo un destino imprescindible en el mapa tur\u00edstico. A medida que el mundo se recupera y adapta a la nueva normalidad, es indudable que Canc\u00fan recuperar\u00e1 su esplendor.<\/p>\n<p>Como turistas, es fundamental que sigamos las pautas establecidas por las autoridades y respetemos la situaci\u00f3n actual. Nuestro deseo leg\u00edtimo de explorar y disfrutar de Canc\u00fan debe ir de la mano con la responsabilidad y empat\u00eda hacia el pa\u00eds que nos acoge.<\/p>\n<p>Canc\u00fan, una vez m\u00e1s, nos muestra su complejidad como destino tur\u00edstico. Nos enfrentamos a una nueva pol\u00e9mica, pero Canc\u00fan siempre ha sido capaz de superar desaf\u00edos anteriores y renacer con mayor fuerza. Depende de todos nosotros, como viajeros y amantes de la cultura, ayudar a que Canc\u00fan se levante nuevamente y siga mostrando al mundo su inigualable belleza.<\/p>\n<p><em> &#8221; Sources www.reportur.com &#8221; <\/em><\/p>\n<p><em> &#8221; Sources www.reportur.com &#8221; <\/em><\/p>\n","protected":false},"excerpt":{"rendered":"<p>Canc\u00fan y su eterna dualidad: un para\u00edso de bienvenida condicionada Sum\u00e9rgete en las aguas cristalinas del Mar Caribe, siente la arena blanca acariciando tus pies y d\u00e9jate envolver por la belleza sin igual de Canc\u00fan. Este destino tur\u00edstico de renombre mundial ha sido fuente de enamoramiento y controversia en igual medida a lo largo de [&hellip;]<\/p>\n","protected":false},"author":4,"featured_media":644741,"comment_status":"open","ping_status":"closed","sticky":false,"template":"","format":"standard","meta":{"om_disable_all_campaigns":false,"jnews-multi-image_gallery":[],"jnews_single_post":[],"jnews_primary_category":[],"jnews_social_meta":[],"footnotes":""},"categories":[40],"tags":[1925,2010,77969,109961],"class_list":["post-644740","post","type-post","status-publish","format-standard","has-post-thumbnail","hentry","category-industria","tag-aeropuerto","tag-cancun","tag-nueva-polemica","tag-rechazo-a-turistas"],"_links":{"self":[{"href":"https:\/\/dimensionturistica.com\/es\/wp-json\/wp\/v2\/posts\/644740","targetHints":{"allow":["GET"]}}],"collection":[{"href":"https:\/\/dimensionturistica.com\/es\/wp-json\/wp\/v2\/posts"}],"about":[{"href":"https:\/\/dimensionturistica.com\/es\/wp-json\/wp\/v2\/types\/post"}],"author":[{"embeddable":true,"href":"https:\/\/dimensionturistica.com\/es\/wp-json\/wp\/v2\/users\/4"}],"replies":[{"embeddable":true,"href":"https:\/\/dimensionturistica.com\/es\/wp-json\/wp\/v2\/comments?post=644740"}],"version-history":[{"count":0,"href":"https:\/\/dimensionturistica.com\/es\/wp-json\/wp\/v2\/posts\/644740\/revisions"}],"wp:featuredmedia":[{"embeddable":true,"href":"https:\/\/dimensionturistica.com\/es\/wp-json\/wp\/v2\/media\/644741"}],"wp:attachment":[{"href":"https:\/\/dimensionturistica.com\/es\/wp-json\/wp\/v2\/media?parent=644740"}],"wp:term":[{"taxonomy":"category","embeddable":true,"href":"https:\/\/dimensionturistica.com\/es\/wp-json\/wp\/v2\/categories?post=644740"},{"taxonomy":"post_tag","embeddable":true,"href":"https:\/\/dimensionturistica.com\/es\/wp-json\/wp\/v2\/tags?post=644740"}],"curies":[{"name":"wp","href":"https:\/\/api.w.org\/{rel}","templated":true}]}}