{"id":643298,"date":"2023-10-17T22:39:47","date_gmt":"2023-10-17T22:39:47","guid":{"rendered":"https:\/\/dimensionturistica.com\/es\/?p=643298"},"modified":"2024-02-20T22:22:25","modified_gmt":"2024-02-20T22:22:25","slug":"del-20-al-22-de-octubre-sera-llevado-a-cabo-el-vinofest-internacional-2023-en-la-hacienda-los-cues-en-queretaro","status":"publish","type":"post","link":"https:\/\/dimensionturistica.com\/es\/del-20-al-22-de-octubre-sera-llevado-a-cabo-el-vinofest-internacional-2023-en-la-hacienda-los-cues-en-queretaro\/","title":{"rendered":"Del 20 al 22 de octubre ser\u00e1 llevado a cabo el \u201cVinofest Internacional 2023\u201d en la hacienda\u00a0 Los Cues en Quer\u00e9taro"},"content":{"rendered":"<p>La Hacienda Los Cues, recinto hist\u00f3rico del Siglo XVII, ubicada a tan s\u00f3lo 15 minutos del Centro de Quer\u00e9taro, en el municipio de Huimilpan, ser\u00e1 el escenario a partir del 20 de octubre del \u201cVinofest International 2023\u201d en el cual se dar\u00e1 a conocer la rica oferta tur\u00edstica, art\u00edstica, cultural y muestra de los vinos de los estados participantes y de la regi\u00f3n de Quer\u00e9taro.<\/p>\n<p>Con la asistencia de representantes de 20 estados de la rep\u00fablica y embajadores y agregados culturales de 30 naciones, se mostrar\u00e1n las diferentes expresiones de nuestro M\u00e9xico y los pa\u00edses participantes, principalmente en el \u00e1rea de la Vitivinicultura y los sectores turismo, cultural y econ\u00f3mico, que se fortalecer\u00e1 con un incre\u00edble programa como lo son: la cata de vinos, el pisado de la uva, talleres de experiencias vin\u00edcolas, desfile de modas en el que participar\u00e1 la prestigiada marca Pineda Covalin.<\/p>\n<p><img decoding=\"async\" class=\" wp-image-643278\" src=\"https:\/\/dimensionturistica.com\/es\/wp-content\/uploads\/2023\/10\/3VINO-300x270.jpg\" alt=\"\" width=\"783\" height=\"705\" srcset=\"https:\/\/dimensionturistica.com\/es\/wp-content\/uploads\/2023\/10\/3VINO-300x270.jpg 300w, https:\/\/dimensionturistica.com\/es\/wp-content\/uploads\/2023\/10\/3VINO.jpg 600w\" sizes=\"(max-width: 783px) 100vw, 783px\" \/><\/p>\n<p>Habr\u00e1 exhibici\u00f3n de autom\u00f3viles cl\u00e1sicos, desfile de trajes de ba\u00f1o colombianos y una muestra gastron\u00f3mica. As\u00ed como un festival art\u00edstico encabezado por la Sonora Santanera y la Sonora Dinamita adem\u00e1s del Show del imitador de Juan Gabriel, Roberto Montalvo.<\/p>\n<p>El \u201cVinofest International 2023\u201d contar\u00e1 con la presencia del gremio m\u00e1s importante de Vi\u00f1edos, as\u00ed como de Cerveza Artesanal, Mezcales, Tequilas, entre otros. Por igual, a los productores de Queso y Embutidos de la regi\u00f3n.<\/p>\n<p>En la parte cultural estar\u00e1n creadores, galer\u00edas y coleccionistas, artistas pl\u00e1sticos y pintores como: Esther Gonz\u00e1lez, Martha Chapa, Gogy Far\u00edas, Jos\u00e9 Luis Cuevas, Guillermo Ceniceros, Manel Pujol, Gustavo Arias Murueta, Miguel Peraza, Gabriel Macotela, Ariel de la Pe\u00f1a, entre otros, quienes donar\u00e1n varias obras que se subastar\u00e1n en beneficio del DIF Municipal.<\/p>\n<p>Se contar\u00e1 con Zonas de Esparcimiento al Aire Libre; espect\u00e1culos Musicales, Culturales y Art\u00edsticos Pabell\u00f3n de Vinos Nacionales e Internacionales, Cervezas y Destilados Artesanales (Tequila\/ Mezcal. Muestra Gastron\u00f3mica Nacional e Internacional. Zona Food Trucks. Exhibici\u00f3n Ecuestre (Alta Escuela-San Rom\u00e1n). Catas de Vino\/ Quesos\/ Puros. Pabell\u00f3n de Charcuter\u00eda &amp; Embutidos. Zona de Bazar, Antig\u00fcedades y mucho m\u00e1s.<\/p>\n<p>Ser\u00e1 un evento que ha sido creado tambi\u00e9n para impulsar al sector empresarial, a largo plazo, ya que se ha venido trabajando con varias instituciones para que a trav\u00e9s de diversos convenios promuevan y comercialicen sus productos. Sin duda, esto ser\u00e1 un gran reflejo para el Estado de Quer\u00e9taro.<\/p>\n<p>Todo ello fue anunciado en una conferencia de prensa en la Ciudad de M\u00e9xico, la cual estuvo encabezada por autoridades del Gobierno de Quer\u00e9taro, Pedro Garfias, patrocinador oficial del evento y representante del Desarrollo Campestre del Lago; as\u00ed como<\/p>\n<p><img decoding=\"async\" class=\" wp-image-643276\" src=\"https:\/\/dimensionturistica.com\/es\/wp-content\/uploads\/2023\/10\/2VINO-300x234.jpg\" alt=\"\" width=\"788\" height=\"615\" srcset=\"https:\/\/dimensionturistica.com\/es\/wp-content\/uploads\/2023\/10\/2VINO-300x234.jpg 300w, https:\/\/dimensionturistica.com\/es\/wp-content\/uploads\/2023\/10\/2VINO.jpg 600w\" sizes=\"(max-width: 788px) 100vw, 788px\" \/><\/p>\n<p>por Obdulia Gallardo Rodr\u00edguez, creadora de Vino Fest Internacional; Doris Barrera vicepresidenta de Turismo y Cultura de Am\u00e9rica Latina en representaci\u00f3n de Armando Bojorquez; Anette Olmos S\u00e1nchez, Directora Diplom\u00e1tica en Cultura y del Proyecto Do\u00f1a Diva y Bernabe Gonz\u00e1lez, Director de Comercializaci\u00f3n de Vino Fest, entre otras personalidades.<\/p>\n<p>En el marco de este evento se firmar\u00e1 tambi\u00e9n un Convenio de Colaboraci\u00f3n con el presidente de la Organizaci\u00f3n Mundial de Enoturismo (Omet), Jos\u00e9 Antonio Vidal, con la finalidad de promover el vino de Quer\u00e9taro en una primera etapa, y despu\u00e9s, impulsar tambi\u00e9n otros vinos que se producen a nivel nacional.<\/p>\n<p>Con la firma de este convenio se logra posicionar a Vino Fest Internacional 2023 de manera global. Para ello se cuenta tambi\u00e9n con el apoyo de Luis Gilberto Gonz\u00e1lez, presidente nacional de Tour operadores.<\/p>\n<p>En el VinoFest participan tambi\u00e9n Autoridades Municipales y Estatales, el DIF de Huimilpan y diversas Embajadas, estas \u00faltimas en un Pabell\u00f3n Internacional.<\/p>\n<p>Un evento \u00fanico, diferente y espectacular, del cual no deben perderse.<\/p>\n<p>La Hacienda Los Cues se localiza en Corregidora N\u00famero 6 Oriente, Los Cues-Quer\u00e9taro. Municipio de Huimilpan.<\/p>\n","protected":false},"excerpt":{"rendered":"<p>La Hacienda Los Cues, recinto hist\u00f3rico del Siglo XVII, ubicada a tan s\u00f3lo 15 minutos del Centro de Quer\u00e9taro, en el municipio de Huimilpan, ser\u00e1 el escenario a partir del 20 de octubre del \u201cVinofest International 2023\u201d en el cual se dar\u00e1 a conocer la rica oferta tur\u00edstica, art\u00edstica, cultural y muestra de los vinos [&hellip;]<\/p>\n","protected":false},"author":1,"featured_media":643283,"comment_status":"open","ping_status":"closed","sticky":false,"template":"","format":"standard","meta":{"om_disable_all_campaigns":false,"jnews-multi-image_gallery":[],"jnews_single_post":{"source_name":"","source_url":"","via_name":"","via_url":"","override_template":"0","override":[{"template":"1","single_blog_custom":"","parallax":"1","fullscreen":"1","layout":"right-sidebar","sidebar":"default-sidebar","second_sidebar":"default-sidebar","sticky_sidebar":"1","share_position":"top","share_float_style":"share-monocrhome","show_share_counter":"1","show_view_counter":"1","show_featured":"1","show_post_meta":"1","show_post_author":"1","show_post_author_image":"1","show_post_date":"1","post_date_format":"default","post_date_format_custom":"Y\/m\/d","show_post_category":"1","show_post_reading_time":"0","post_reading_time_wpm":"300","show_zoom_button":"0","zoom_button_out_step":"2","zoom_button_in_step":"3","show_post_tag":"1","show_prev_next_post":"1","show_popup_post":"1","number_popup_post":"1","show_author_box":"0","show_post_related":"0","show_inline_post_related":"0"}],"override_image_size":"0","image_override":[{"single_post_thumbnail_size":"crop-500","single_post_gallery_size":"crop-500"}],"trending_post":"0","trending_post_position":"meta","trending_post_label":"Trending","sponsored_post":"0","sponsored_post_label":"Sponsored by","sponsored_post_name":"","sponsored_post_url":"","sponsored_post_logo_enable":"0","sponsored_post_logo":"","sponsored_post_desc":"","disable_ad":"0"},"jnews_primary_category":{"id":"","hide":""},"jnews_social_meta":{"fb_title":"","fb_description":"","fb_image":"","twitter_title":"","twitter_description":"","twitter_image":""},"footnotes":""},"categories":[144872,43],"tags":[],"class_list":["post-643298","post","type-post","status-publish","format-standard","has-post-thumbnail","hentry","category-fashion","category-gourmet"],"_links":{"self":[{"href":"https:\/\/dimensionturistica.com\/es\/wp-json\/wp\/v2\/posts\/643298","targetHints":{"allow":["GET"]}}],"collection":[{"href":"https:\/\/dimensionturistica.com\/es\/wp-json\/wp\/v2\/posts"}],"about":[{"href":"https:\/\/dimensionturistica.com\/es\/wp-json\/wp\/v2\/types\/post"}],"author":[{"embeddable":true,"href":"https:\/\/dimensionturistica.com\/es\/wp-json\/wp\/v2\/users\/1"}],"replies":[{"embeddable":true,"href":"https:\/\/dimensionturistica.com\/es\/wp-json\/wp\/v2\/comments?post=643298"}],"version-history":[{"count":0,"href":"https:\/\/dimensionturistica.com\/es\/wp-json\/wp\/v2\/posts\/643298\/revisions"}],"wp:featuredmedia":[{"embeddable":true,"href":"https:\/\/dimensionturistica.com\/es\/wp-json\/wp\/v2\/media\/643283"}],"wp:attachment":[{"href":"https:\/\/dimensionturistica.com\/es\/wp-json\/wp\/v2\/media?parent=643298"}],"wp:term":[{"taxonomy":"category","embeddable":true,"href":"https:\/\/dimensionturistica.com\/es\/wp-json\/wp\/v2\/categories?post=643298"},{"taxonomy":"post_tag","embeddable":true,"href":"https:\/\/dimensionturistica.com\/es\/wp-json\/wp\/v2\/tags?post=643298"}],"curies":[{"name":"wp","href":"https:\/\/api.w.org\/{rel}","templated":true}]}}