{"id":642434,"date":"2023-10-17T01:04:47","date_gmt":"2023-10-17T01:04:47","guid":{"rendered":"https:\/\/dimensionturistica.com\/es\/?p=642434"},"modified":"2023-10-17T01:04:47","modified_gmt":"2023-10-17T01:04:47","slug":"biden-joins-the-hectic-diplomacy-in-the-middle-east-from-washington","status":"publish","type":"post","link":"https:\/\/dimensionturistica.com\/es\/biden-joins-the-hectic-diplomacy-in-the-middle-east-from-washington\/","title":{"rendered":"Biden joins the hectic diplomacy in the Middle East from Washington"},"content":{"rendered":"<p>El emocionante mundo de la diplomacia en Oriente Medio ha capturado nuevamente la atenci\u00f3n global. Esta vez, el protagonista es el flamante presidente de Estados Unidos, Joe Biden, quien se ha unido a la fren\u00e9tica actividad diplom\u00e1tica desde la ciudad de Washington.<\/p>\n<p>En un art\u00edculo publicado en la revista de turismo, queremos transportarte al coraz\u00f3n de esta vertiginosa situaci\u00f3n, donde las tensiones y las negociaciones se entrelazan en un juego de poder que afecta a toda la regi\u00f3n.<\/p>\n<p>La noticia m\u00e1s reciente habla de los esfuerzos de Biden por restablecer el di\u00e1logo y la estabilidad en un \u00e1rea marcada por los conflictos. En su af\u00e1n por construir puentes, el presidente estadounidense ha mantenido conversaciones con varios l\u00edderes regionales, buscando soluciones pac\u00edficas y sostenibles.<\/p>\n<p>Desde el acuerdo nuclear con Ir\u00e1n hasta la crisis en Yemen, pasando por los desaf\u00edos en el conflicto israelo-palestino, Oriente Medio ha sido hist\u00f3ricamente una regi\u00f3n llena de contrastes y desaf\u00edos para la comunidad internacional. Sin embargo, esta vez, Biden parece estar decidido a llevar una nueva visi\u00f3n de cooperaci\u00f3n y di\u00e1logo a la mesa.<\/p>\n<p>El art\u00edculo desglosa las diferentes problem\u00e1ticas que enfrenta Biden en su papel de mediador, mostrando tanto los obst\u00e1culos como las oportunidades que se presentan en esta etapa. Por ejemplo, la tensa relaci\u00f3n entre Arabia Saudita e Ir\u00e1n podr\u00eda ser su mayor desaf\u00edo, pero tambi\u00e9n una oportunidad para fomentar una f\u00f3rmula de coexistencia pac\u00edfica en la regi\u00f3n.<\/p>\n<p>Adem\u00e1s, se menciona la importancia de la diplomacia multilateral como herramienta para abordar las complejidades del panorama actual. Biden ha buscado aliados en Europa y Asia, entendiendo que la cooperaci\u00f3n internacional es clave para alcanzar los objetivos comunes de paz y estabilidad en Oriente Medio.<\/p>\n<p>La revista tambi\u00e9n destaca el impacto que las decisiones de Biden podr\u00edan tener en el turismo de la regi\u00f3n. Si sus esfuerzos por promover la paz y la seguridad tienen \u00e9xito, se podr\u00eda esperar un aumento en la confianza de los viajeros y una mayor inversi\u00f3n en el sector tur\u00edstico, que durante a\u00f1os se ha visto afectado por las tensiones y los conflictos.<\/p>\n<p>Para concluir, el art\u00edculo resalta la importancia de seguir de cerca los pr\u00f3ximos movimientos de Biden en Oriente Medio, pues su \u00e9xito o fracaso podr\u00edan marcar un hito en la historia de la diplomacia internacional. Asimismo, invita al lector a reflexionar sobre la relevancia del turismo como herramienta para la construcci\u00f3n de paz y entendimiento mutuo entre las culturas.<\/p>\n<p>En definitiva, el emocionante escenario de la diplomacia en Oriente Medio ha cobrado vida con la participaci\u00f3n de Joe Biden. Esta rese\u00f1a no solo te mantendr\u00e1 informado sobre los \u00faltimos acontecimientos, sino que tambi\u00e9n te invitar\u00e1 a reflexionar sobre el papel que el turismo puede desempe\u00f1ar en la construcci\u00f3n de un futuro m\u00e1s pac\u00edfico y pr\u00f3spero para la regi\u00f3n.<\/p>\n<p><em> &#8221; Sources www.rfi.fr &#8221; <\/em><\/p>\n<p><em> &#8221; Sources www.rfi.fr &#8221; <\/em><\/p>\n","protected":false},"excerpt":{"rendered":"<p>El emocionante mundo de la diplomacia en Oriente Medio ha capturado nuevamente la atenci\u00f3n global. Esta vez, el protagonista es el flamante presidente de Estados Unidos, Joe Biden, quien se ha unido a la fren\u00e9tica actividad diplom\u00e1tica desde la ciudad de Washington. En un art\u00edculo publicado en la revista de turismo, queremos transportarte al coraz\u00f3n [&hellip;]<\/p>\n","protected":false},"author":4,"featured_media":642435,"comment_status":"open","ping_status":"closed","sticky":false,"template":"","format":"standard","meta":{"om_disable_all_campaigns":false,"jnews-multi-image_gallery":[],"jnews_single_post":[],"jnews_primary_category":[],"jnews_social_meta":[],"footnotes":""},"categories":[40],"tags":[11098,108602,5725,6722],"class_list":["post-642434","post","type-post","status-publish","format-standard","has-post-thumbnail","hentry","category-industria","tag-biden","tag-frenetica-diplomacia","tag-oriente-medio","tag-washington"],"_links":{"self":[{"href":"https:\/\/dimensionturistica.com\/es\/wp-json\/wp\/v2\/posts\/642434","targetHints":{"allow":["GET"]}}],"collection":[{"href":"https:\/\/dimensionturistica.com\/es\/wp-json\/wp\/v2\/posts"}],"about":[{"href":"https:\/\/dimensionturistica.com\/es\/wp-json\/wp\/v2\/types\/post"}],"author":[{"embeddable":true,"href":"https:\/\/dimensionturistica.com\/es\/wp-json\/wp\/v2\/users\/4"}],"replies":[{"embeddable":true,"href":"https:\/\/dimensionturistica.com\/es\/wp-json\/wp\/v2\/comments?post=642434"}],"version-history":[{"count":0,"href":"https:\/\/dimensionturistica.com\/es\/wp-json\/wp\/v2\/posts\/642434\/revisions"}],"wp:featuredmedia":[{"embeddable":true,"href":"https:\/\/dimensionturistica.com\/es\/wp-json\/wp\/v2\/media\/642435"}],"wp:attachment":[{"href":"https:\/\/dimensionturistica.com\/es\/wp-json\/wp\/v2\/media?parent=642434"}],"wp:term":[{"taxonomy":"category","embeddable":true,"href":"https:\/\/dimensionturistica.com\/es\/wp-json\/wp\/v2\/categories?post=642434"},{"taxonomy":"post_tag","embeddable":true,"href":"https:\/\/dimensionturistica.com\/es\/wp-json\/wp\/v2\/tags?post=642434"}],"curies":[{"name":"wp","href":"https:\/\/api.w.org\/{rel}","templated":true}]}}