{"id":641864,"date":"2023-10-16T12:07:02","date_gmt":"2023-10-16T12:07:02","guid":{"rendered":"https:\/\/dimensionturistica.com\/es\/?p=641864"},"modified":"2023-10-16T12:07:02","modified_gmt":"2023-10-16T12:07:02","slug":"fecha-de-lanzamiento-de-los-paquetes-de-viaje-imserso-2023-2024","status":"publish","type":"post","link":"https:\/\/dimensionturistica.com\/es\/fecha-de-lanzamiento-de-los-paquetes-de-viaje-imserso-2023-2024\/","title":{"rendered":"Fecha de lanzamiento de los paquetes de viaje Imserso 2023-2024"},"content":{"rendered":"<p>El momento tan esperado por muchos est\u00e1 por llegar: \u00a1la venta de viajes del Imserso est\u00e1 a punto de comenzar! Para todos aquellos amantes de los viajes y aventureros de coraz\u00f3n, es momento de mantenerse atentos y preparados para reservar esa ansiada escapada.<\/p>\n<p>El programa de viajes del Imserso se ha convertido en un verdadero referente para los mayores de 60 a\u00f1os que desean disfrutar de unos d\u00edas de descanso y diversi\u00f3n en destinos nacionales e internacionales. Y es que, \u00bfqui\u00e9n puede resistirse a la posibilidad de explorar nuevos lugares, vivir experiencias \u00fanicas y hacer nuevos amigos en el camino?<\/p>\n<p>Seg\u00fan anunci\u00f3 recientemente el Instituto de Mayores y Servicios Sociales (Imserso), la pr\u00f3xima campa\u00f1a de venta de viajes se llevar\u00e1 a cabo en las pr\u00f3ximas semanas. Este programa, que ha sido todo un \u00e9xito en a\u00f1os anteriores, ofrece una amplia variedad de destinos y opciones para adaptarse a los diferentes gustos y preferencias de los viajeros.<\/p>\n<p>Desde las playas doradas de la costa mediterr\u00e1nea hasta los monumentos hist\u00f3ricos de ciudades llenas de encanto, el Imserso ofrece una oportunidad \u00fanica de conocer y disfrutar de la diversidad cultural y natural de nuestro pa\u00eds. Adem\u00e1s, tambi\u00e9n se incluyen viajes a destinos internacionales como Portugal, Italia, Grecia o T\u00fanez, entre otros.<\/p>\n<p>Pero, \u00bfqu\u00e9 hace tan especial al programa de viajes del Imserso? Adem\u00e1s de la variedad de destinos, se destaca la atenci\u00f3n y cuidado que se brinda a los viajeros. Los paquetes incluyen el alojamiento en hoteles de calidad, comidas, seguro de viaje y actividades de ocio, todo cuidadosamente planificado para garantizar unas vacaciones inolvidables.<\/p>\n<p>Adem\u00e1s, el programa de viajes del Imserso tambi\u00e9n ofrece la posibilidad de participar en actividades como bailes, excursiones guiadas, juegos de mesa y otras formas de entretenimiento pensadas especialmente para fomentar la socializaci\u00f3n y el disfrute en grupo.<\/p>\n<p>Pero, \u00bfc\u00f3mo reservar uno de estos maravillosos viajes? La forma m\u00e1s sencilla es a trav\u00e9s de las agencias de viajes seleccionadas por el Imserso. Estas agencias cuentan con personal cualificado y experiencia en la gesti\u00f3n de los viajes, garantizando un servicio de calidad y atenci\u00f3n personalizada.<\/p>\n<p>Es importante destacar que los precios de los viajes del Imserso son altamente competitivos, lo que los convierte en una opci\u00f3n accesible y asequible para todos. Adem\u00e1s, se ofrecen descuentos especiales para los jubilados y pensionistas, lo que supone un incentivo extra para no perderse la oportunidad de vivir una experiencia de viaje inigualable.<\/p>\n<p>En resumen, el programa de viajes del Imserso es una propuesta imperdible para todos aquellos que desean vivir nuevas aventuras, conocer lugares fascinantes y disfrutar de unas vacaciones llenas de diversi\u00f3n y relax. La pr\u00f3xima campa\u00f1a de venta de viajes est\u00e1 a punto de comenzar, as\u00ed que no pierdas de vista las fechas y prep\u00e1rate para reservar tu pr\u00f3ximo destino. \u00a1Nos vemos en la carretera!<\/p>\n<p><em> &#8221; Sources www.larazon.es &#8221; <\/em><\/p>\n<p><em> &#8221; Sources www.larazon.es &#8221; <\/em><\/p>\n","protected":false},"excerpt":{"rendered":"<p>El momento tan esperado por muchos est\u00e1 por llegar: \u00a1la venta de viajes del Imserso est\u00e1 a punto de comenzar! Para todos aquellos amantes de los viajes y aventureros de coraz\u00f3n, es momento de mantenerse atentos y preparados para reservar esa ansiada escapada. El programa de viajes del Imserso se ha convertido en un verdadero [&hellip;]<\/p>\n","protected":false},"author":4,"featured_media":641865,"comment_status":"open","ping_status":"closed","sticky":false,"template":"","format":"standard","meta":{"om_disable_all_campaigns":false,"jnews-multi-image_gallery":[],"jnews_single_post":[],"jnews_primary_category":[],"jnews_social_meta":[],"footnotes":""},"categories":[40],"tags":[108278,73439],"class_list":["post-641864","post","type-post","status-publish","format-standard","has-post-thumbnail","hentry","category-industria","tag-but-i-cannot-determine-the-tags-for-a-title-without-the-author-or-source-of-the-article","tag-im-sorry"],"_links":{"self":[{"href":"https:\/\/dimensionturistica.com\/es\/wp-json\/wp\/v2\/posts\/641864","targetHints":{"allow":["GET"]}}],"collection":[{"href":"https:\/\/dimensionturistica.com\/es\/wp-json\/wp\/v2\/posts"}],"about":[{"href":"https:\/\/dimensionturistica.com\/es\/wp-json\/wp\/v2\/types\/post"}],"author":[{"embeddable":true,"href":"https:\/\/dimensionturistica.com\/es\/wp-json\/wp\/v2\/users\/4"}],"replies":[{"embeddable":true,"href":"https:\/\/dimensionturistica.com\/es\/wp-json\/wp\/v2\/comments?post=641864"}],"version-history":[{"count":0,"href":"https:\/\/dimensionturistica.com\/es\/wp-json\/wp\/v2\/posts\/641864\/revisions"}],"wp:featuredmedia":[{"embeddable":true,"href":"https:\/\/dimensionturistica.com\/es\/wp-json\/wp\/v2\/media\/641865"}],"wp:attachment":[{"href":"https:\/\/dimensionturistica.com\/es\/wp-json\/wp\/v2\/media?parent=641864"}],"wp:term":[{"taxonomy":"category","embeddable":true,"href":"https:\/\/dimensionturistica.com\/es\/wp-json\/wp\/v2\/categories?post=641864"},{"taxonomy":"post_tag","embeddable":true,"href":"https:\/\/dimensionturistica.com\/es\/wp-json\/wp\/v2\/tags?post=641864"}],"curies":[{"name":"wp","href":"https:\/\/api.w.org\/{rel}","templated":true}]}}