{"id":639262,"date":"2023-10-13T03:13:22","date_gmt":"2023-10-13T03:13:22","guid":{"rendered":"https:\/\/dimensionturistica.com\/es\/?p=639262"},"modified":"2023-10-13T03:13:22","modified_gmt":"2023-10-13T03:13:22","slug":"el-mes-del-artista-pasa-desapercibido","status":"publish","type":"post","link":"https:\/\/dimensionturistica.com\/es\/el-mes-del-artista-pasa-desapercibido\/","title":{"rendered":"El mes del artista pasa desapercibido"},"content":{"rendered":"<p>El Mes del Artista: una celebraci\u00f3n que no podemos dejar pasar desapercibida<\/p>\n<p>En medio de nuestra ajetreada vida cotidiana, a veces olvidamos detenernos y apreciar las maravillas que nos rodean. Y una de esas maravillas es el arte. Dependiendo del pa\u00eds en el que nos encontremos, podemos tener la suerte de presenciar festivales y eventos que rinden homenaje a los artistas y su trabajo. Sin embargo, en otras ocasiones, estas celebraciones pasan de agache, sin recibir la atenci\u00f3n y difusi\u00f3n que merecen.<\/p>\n<p>Recientemente, navegando por el mar de noticias en Internet, me top\u00e9 con un art\u00edculo que me hizo reflexionar sobre este tema. El autor, con una pluma perspicaz, expuso la situaci\u00f3n del Mes del Artista, una conmemoraci\u00f3n que, desafortunadamente, se encuentra en la sombra de otras festividades m\u00e1s conocidas.<\/p>\n<p>\u00bfPero qu\u00e9 es el Mes del Artista? Se trata de un periodo destinado a rendir homenaje a los artistas de todas las disciplinas, desde pintores y escultores hasta m\u00fasicos y bailarines. Durante este mes, se organizan eventos y exposiciones para promover su trabajo y generar una mayor apreciaci\u00f3n hacia las diferentes formas de expresi\u00f3n art\u00edstica.<\/p>\n<p>Sin embargo, a pesar de su importancia y valor, esta celebraci\u00f3n suele pasar desapercibida para la mayor\u00eda de las personas. En muchas ocasiones, es eclipsada por otras festividades o simplemente no se le da la difusi\u00f3n adecuada. Esto no solo es injusto para los artistas, sino tambi\u00e9n para aquellos que podr\u00edan disfrutar de su talento y creatividad.<\/p>\n<p>En el art\u00edculo mencionado, el autor plantea la necesidad de crear conciencia sobre el Mes del Artista y dedicarle la atenci\u00f3n que se merece. Propone la creaci\u00f3n de programas educativos que involucren a las escuelas y a la comunidad en general, fomentando as\u00ed el inter\u00e9s y la admiraci\u00f3n hacia el arte en todas sus manifestaciones.<\/p>\n<p>Es importante recordar que el arte no solo nos brinda momentos de belleza y entretenimiento, sino que tambi\u00e9n nos ayuda a reflexionar sobre nuestra propia existencia y a entender el mundo que nos rodea. A trav\u00e9s del arte, podemos explorar emociones, ideas y perspectivas que de otra manera ser\u00edan inaccesibles.<\/p>\n<p>Por lo tanto, es crucial apoyar y promover el trabajo de los artistas, tanto a nivel local como internacional. El Mes del Artista nos ofrece la oportunidad de hacerlo, de mostrar nuestro agradecimiento y reconocimiento hacia aquellos que nos enriquecen con su creatividad y talento.<\/p>\n<p>En \u00faltima instancia, no importa si somos aficionados del arte o simplemente curiosos, el Mes del Artista nos invita a sumergirnos en un mundo lleno de color, m\u00fasica, formas y emociones. Nos invita a explorar nuestra propia sensibilidad y a tener una experiencia \u00fanica y enriquecedora.<\/p>\n<p>As\u00ed que, la pr\u00f3xima vez que veas un anuncio sobre el Mes del Artista, no lo dejes pasar de agache. Participa en los eventos, visita las exposiciones y apoya a los artistas locales. De esta manera, estaremos contribuyendo a crear una sociedad m\u00e1s sensible, creativa y apreciativa del arte en todas sus formas.<\/p>\n<p><em> &#8221; Sources www.eltiempo.com &#8221; <\/em><\/p>\n<p><em> &#8221; Fuentes www.eltiempo.com &#8221; <\/em><\/p>\n","protected":false},"excerpt":{"rendered":"<p>El Mes del Artista: una celebraci\u00f3n que no podemos dejar pasar desapercibida En medio de nuestra ajetreada vida cotidiana, a veces olvidamos detenernos y apreciar las maravillas que nos rodean. Y una de esas maravillas es el arte. Dependiendo del pa\u00eds en el que nos encontremos, podemos tener la suerte de presenciar festivales y eventos [&hellip;]<\/p>\n","protected":false},"author":4,"featured_media":639263,"comment_status":"open","ping_status":"closed","sticky":false,"template":"","format":"standard","meta":{"om_disable_all_campaigns":false,"jnews-multi-image_gallery":[],"jnews_single_post":[],"jnews_primary_category":[],"jnews_social_meta":[],"footnotes":""},"categories":[39],"tags":[23255,106705],"class_list":["post-639262","post","type-post","status-publish","format-standard","has-post-thumbnail","hentry","category-viajes","tag-artista","tag-mes-del-artista"],"_links":{"self":[{"href":"https:\/\/dimensionturistica.com\/es\/wp-json\/wp\/v2\/posts\/639262","targetHints":{"allow":["GET"]}}],"collection":[{"href":"https:\/\/dimensionturistica.com\/es\/wp-json\/wp\/v2\/posts"}],"about":[{"href":"https:\/\/dimensionturistica.com\/es\/wp-json\/wp\/v2\/types\/post"}],"author":[{"embeddable":true,"href":"https:\/\/dimensionturistica.com\/es\/wp-json\/wp\/v2\/users\/4"}],"replies":[{"embeddable":true,"href":"https:\/\/dimensionturistica.com\/es\/wp-json\/wp\/v2\/comments?post=639262"}],"version-history":[{"count":0,"href":"https:\/\/dimensionturistica.com\/es\/wp-json\/wp\/v2\/posts\/639262\/revisions"}],"wp:featuredmedia":[{"embeddable":true,"href":"https:\/\/dimensionturistica.com\/es\/wp-json\/wp\/v2\/media\/639263"}],"wp:attachment":[{"href":"https:\/\/dimensionturistica.com\/es\/wp-json\/wp\/v2\/media?parent=639262"}],"wp:term":[{"taxonomy":"category","embeddable":true,"href":"https:\/\/dimensionturistica.com\/es\/wp-json\/wp\/v2\/categories?post=639262"},{"taxonomy":"post_tag","embeddable":true,"href":"https:\/\/dimensionturistica.com\/es\/wp-json\/wp\/v2\/tags?post=639262"}],"curies":[{"name":"wp","href":"https:\/\/api.w.org\/{rel}","templated":true}]}}