{"id":637093,"date":"2023-10-10T20:06:43","date_gmt":"2023-10-10T20:06:43","guid":{"rendered":"https:\/\/dimensionturistica.com\/es\/?p=637093"},"modified":"2023-10-10T20:06:43","modified_gmt":"2023-10-10T20:06:43","slug":"celebremos-la-salud-mental-en-un-festival-especial","status":"publish","type":"post","link":"https:\/\/dimensionturistica.com\/es\/celebremos-la-salud-mental-en-un-festival-especial\/","title":{"rendered":"Celebremos la Salud Mental en un Festival Especial!"},"content":{"rendered":"<p>Un viaje sensorial por Barcelona que cuidar\u00e1 tu salud mental<\/p>\n<p>Barcelona, la vibrante ciudad espa\u00f1ola que nunca deja de sorprender, nos invita a descubrir un nuevo ciclo de experiencias que prometen transformar nuestra forma de disfrutar y cuidar de nuestra salud mental. Acomp\u00e1\u00f1anos en este apasionante viaje por los rincones m\u00e1s secretos y especiales de la ciudad condal.<\/p>\n<p>La iniciativa, que ha sido bautizada con el enigm\u00e1tico nombre de &#8220;BCN Ciclo Salud Mental&#8221;, propone una serie de actividades y lugares que buscan estimular nuestros sentidos y fomentar nuestro bienestar emocional. Lejos de tratarse de un simple recorrido tur\u00edstico, esta propuesta nos invita a sumergirnos en una experiencia \u00fanica y enriquecedora.<\/p>\n<p>Uno de los platos fuertes de este ciclo de salud mental es el &#8220;Circuito de Yoga Sensorial&#8221;, un recorrido por distintos parques y espacios naturales de Barcelona donde se imparten clases de yoga. Guiados por profesionales, podremos disfrutar de la tranquilidad y belleza de los entornos naturales mientras trabajamos nuestra mente y cuerpo.<\/p>\n<p>Adem\u00e1s, el itinerario incluye visitas a diferentes espacios culturales donde se exponen obras de arte con un enfoque terap\u00e9utico. La conexi\u00f3n entre el arte y la salud mental es innegable, y esta iniciativa lo tiene en cuenta al ofrecer visitas guiadas que nos permitir\u00e1n contemplar y reflexionar sobre obras que buscan iluminar nuestra mente y despertar emociones positivas.<\/p>\n<p>Pero la propuesta de &#8220;BCN Ciclo Salud Mental&#8221; no termina ah\u00ed. Los amantes de la gastronom\u00eda podr\u00e1n disfrutar de una ruta de restaurantes que ofrecen men\u00fas especialmente dise\u00f1ados para cuidar nuestra salud mental. Platos saludables y equilibrados, preparados con ingredientes naturales y con un enfoque concienzudo en nuestro bienestar, nos esperan en cada parada de este delicioso recorrido.<\/p>\n<p>A lo largo de nuestro viaje, tambi\u00e9n encontraremos talleres y charlas sobre la importancia de cuidar de nuestra salud mental. Expertos en la materia compartir\u00e1n con nosotros valiosas herramientas y t\u00e9cnicas que nos ayudar\u00e1n a lidiar con el estr\u00e9s y las preocupaciones diarias, permiti\u00e9ndonos llevar una vida m\u00e1s plena y equilibrada.<\/p>\n<p>Sin duda, &#8220;BCN Ciclo Salud Mental&#8221; es una oportunidad \u00fanica para descubrir Barcelona desde una nueva perspectiva, donde la salud mental y el bienestar emocional se convierten en protagonistas. Esta iniciativa nos invita a unirnos a un recorrido cautivador y lleno de sorpresas, donde podremos cuidar de nosotros mismos y descubrir la ciudad de una manera completamente diferente.<\/p>\n<p>As\u00ed que no pierdas la oportunidad de sumergirte en este apasionante viaje sensorial por Barcelona. D\u00e9jate llevar por la energ\u00eda de la ciudad condal y descubre todos los tesoros que te esperan en cada rinc\u00f3n. Tu salud mental te lo agradecer\u00e1 y tu experiencia ser\u00e1 inolvidable. \u00a1Prep\u00e1rate para disfrutar de una aventura que estimular\u00e1 tus sentidos y llenar\u00e1 tu coraz\u00f3n de alegr\u00eda!<\/p>\n<p><em> &#8221; Sources barcelonasecreta.com &#8221; <\/em><\/p>\n<p><em> &#8221; Fuentes barcelonasecreta.com &#8221; <\/em><\/p>\n","protected":false},"excerpt":{"rendered":"<p>Un viaje sensorial por Barcelona que cuidar\u00e1 tu salud mental Barcelona, la vibrante ciudad espa\u00f1ola que nunca deja de sorprender, nos invita a descubrir un nuevo ciclo de experiencias que prometen transformar nuestra forma de disfrutar y cuidar de nuestra salud mental. Acomp\u00e1\u00f1anos en este apasionante viaje por los rincones m\u00e1s secretos y especiales de [&hellip;]<\/p>\n","protected":false},"author":4,"featured_media":637094,"comment_status":"open","ping_status":"closed","sticky":false,"template":"","format":"standard","meta":{"om_disable_all_campaigns":false,"jnews-multi-image_gallery":[],"jnews_single_post":[],"jnews_primary_category":[],"jnews_social_meta":[],"footnotes":""},"categories":[39],"tags":[105360,872],"class_list":["post-637093","post","type-post","status-publish","format-standard","has-post-thumbnail","hentry","category-viajes","tag-dia-de-la-salud-mental","tag-festival"],"_links":{"self":[{"href":"https:\/\/dimensionturistica.com\/es\/wp-json\/wp\/v2\/posts\/637093","targetHints":{"allow":["GET"]}}],"collection":[{"href":"https:\/\/dimensionturistica.com\/es\/wp-json\/wp\/v2\/posts"}],"about":[{"href":"https:\/\/dimensionturistica.com\/es\/wp-json\/wp\/v2\/types\/post"}],"author":[{"embeddable":true,"href":"https:\/\/dimensionturistica.com\/es\/wp-json\/wp\/v2\/users\/4"}],"replies":[{"embeddable":true,"href":"https:\/\/dimensionturistica.com\/es\/wp-json\/wp\/v2\/comments?post=637093"}],"version-history":[{"count":0,"href":"https:\/\/dimensionturistica.com\/es\/wp-json\/wp\/v2\/posts\/637093\/revisions"}],"wp:featuredmedia":[{"embeddable":true,"href":"https:\/\/dimensionturistica.com\/es\/wp-json\/wp\/v2\/media\/637094"}],"wp:attachment":[{"href":"https:\/\/dimensionturistica.com\/es\/wp-json\/wp\/v2\/media?parent=637093"}],"wp:term":[{"taxonomy":"category","embeddable":true,"href":"https:\/\/dimensionturistica.com\/es\/wp-json\/wp\/v2\/categories?post=637093"},{"taxonomy":"post_tag","embeddable":true,"href":"https:\/\/dimensionturistica.com\/es\/wp-json\/wp\/v2\/tags?post=637093"}],"curies":[{"name":"wp","href":"https:\/\/api.w.org\/{rel}","templated":true}]}}