{"id":632148,"date":"2023-10-05T05:04:41","date_gmt":"2023-10-05T05:04:41","guid":{"rendered":"https:\/\/dimensionturistica.com\/es\/?p=632148"},"modified":"2023-10-05T05:04:41","modified_gmt":"2023-10-05T05:04:41","slug":"el-director-ejecutivo-de-airbnb-admite-los-problemas-internos-de-su-empresa","status":"publish","type":"post","link":"https:\/\/dimensionturistica.com\/es\/el-director-ejecutivo-de-airbnb-admite-los-problemas-internos-de-su-empresa\/","title":{"rendered":"El director ejecutivo de Airbnb admite los problemas internos de su empresa"},"content":{"rendered":"<p>El sector tur\u00edstico ha sido uno de los m\u00e1s afectados por la pandemia global, y las empresas dedicadas a brindar alojamiento han vivido tiempos llenos de incertidumbre. Una de estas empresas, Airbnb, ha sido particularmente golpeada durante estos tiempos dif\u00edciles. A pesar de su gran \u00e9xito en el pasado, el CEO de la compa\u00f1\u00eda, reconoce que actualmente se encuentra en un estado de ruptura.<\/p>\n<p>La reciente declaraci\u00f3n del CEO de Airbnb ha generado un gran revuelo en la industria del turismo, ya que la empresa sol\u00eda ser un referente en el sector. Sin embargo, las declaraciones del m\u00e1ximo responsable de la compa\u00f1\u00eda son una muestra de transparencia y honestidad que pocas veces se ven en el mundo empresarial.<\/p>\n<p>El CEO de Airbnb ha reconocido que la empresa est\u00e1 &#8220;rota&#8221; y ha admitido que se ha alejado de su visi\u00f3n original. La popular plataforma de alquiler de alojamientos se ha convertido en algo m\u00e1s parecido a un hotel, perdiendo as\u00ed su esencia de conectar a personas y crear experiencias \u00fanicas. Esta admisi\u00f3n por parte del CEO de Airbnb es un s\u00edntoma de que la empresa est\u00e1 dispuesta a cambiar y adaptarse a los nuevos tiempos.<\/p>\n<p>Como resultado de esta revelaci\u00f3n, Airbnb ha anunciado una serie de cambios en su plataforma con el objetivo de recuperar su identidad perdida. La empresa se ha comprometido a volver a centrarse en conectar a viajeros con anfitriones locales, ofreciendo experiencias m\u00e1s aut\u00e9nticas y \u00fanicas. Adem\u00e1s, la compa\u00f1\u00eda ha anunciado que implementar\u00e1 medidas m\u00e1s estrictas de control de calidad y seguridad para garantizar una estancia satisfactoria a todos sus usuarios.<\/p>\n<p>Estos cambios llegan en un momento crucial para Airbnb, ya que la competencia en el sector de alquiler de alojamientos se ha incrementado considerablemente en los \u00faltimos a\u00f1os. Plataformas como Booking.com y Vrbo est\u00e1n logrando captar la atenci\u00f3n de los viajeros con propuestas innovadoras y precios competitivos. Airbnb debe reinventarse si desea mantener su posici\u00f3n dominante en el mercado.<\/p>\n<p>A pesar de los desaf\u00edos que enfrenta, Airbnb sigue siendo una opci\u00f3n atractiva para los viajeros que buscan una experiencia \u00fanica y personalizada. La plataforma cuenta con una amplia variedad de opciones de alojamiento en todo el mundo, desde acogedores apartamentos en el coraz\u00f3n de una ciudad hasta villas de lujo en destinos ex\u00f3ticos. Con su nuevo enfoque en la autenticidad y la seguridad, Airbnb espera recuperar la confianza de sus usuarios y volver a ser el referente en el sector.<\/p>\n<p>En conclusi\u00f3n, el reconocimiento por parte del CEO de Airbnb de que la empresa est\u00e1 &#8220;rota&#8221; es un paso valiente y necesario para su recuperaci\u00f3n. La empresa ha demostrado su compromiso de volver a sus ra\u00edces y ofrecer a los viajeros experiencias aut\u00e9nticas y \u00fanicas. Aunque enfrenta una dura competencia, Airbnb a\u00fan tiene mucho potencial para recuperar su posici\u00f3n de liderazgo en el sector de alojamientos. Si logra cumplir sus promesas y adaptarse a las demandas cambiantes de los viajeros, es probable que veamos a Airbnb resurgir de sus cenizas.<\/p>\n<p><em> &#8221; Sources www.merca20.com &#8221; <\/em><\/p>\n<p><em> &#8221; Fuentes www.merca20.com &#8221; <\/em><\/p>\n","protected":false},"excerpt":{"rendered":"<p>El sector tur\u00edstico ha sido uno de los m\u00e1s afectados por la pandemia global, y las empresas dedicadas a brindar alojamiento han vivido tiempos llenos de incertidumbre. Una de estas empresas, Airbnb, ha sido particularmente golpeada durante estos tiempos dif\u00edciles. A pesar de su gran \u00e9xito en el pasado, el CEO de la compa\u00f1\u00eda, reconoce [&hellip;]<\/p>\n","protected":false},"author":4,"featured_media":632149,"comment_status":"open","ping_status":"closed","sticky":false,"template":"","format":"standard","meta":{"om_disable_all_campaigns":false,"jnews-multi-image_gallery":[],"jnews_single_post":[],"jnews_primary_category":[],"jnews_social_meta":[],"footnotes":""},"categories":[39],"tags":[6138,102443,102442],"class_list":["post-632148","post","type-post","status-publish","format-standard","has-post-thumbnail","hentry","category-viajes","tag-airbnb","tag-empresa-rota","tag-the-comma-separated-list-of-tags-for-this-title-could-be-ceo"],"_links":{"self":[{"href":"https:\/\/dimensionturistica.com\/es\/wp-json\/wp\/v2\/posts\/632148","targetHints":{"allow":["GET"]}}],"collection":[{"href":"https:\/\/dimensionturistica.com\/es\/wp-json\/wp\/v2\/posts"}],"about":[{"href":"https:\/\/dimensionturistica.com\/es\/wp-json\/wp\/v2\/types\/post"}],"author":[{"embeddable":true,"href":"https:\/\/dimensionturistica.com\/es\/wp-json\/wp\/v2\/users\/4"}],"replies":[{"embeddable":true,"href":"https:\/\/dimensionturistica.com\/es\/wp-json\/wp\/v2\/comments?post=632148"}],"version-history":[{"count":0,"href":"https:\/\/dimensionturistica.com\/es\/wp-json\/wp\/v2\/posts\/632148\/revisions"}],"wp:featuredmedia":[{"embeddable":true,"href":"https:\/\/dimensionturistica.com\/es\/wp-json\/wp\/v2\/media\/632149"}],"wp:attachment":[{"href":"https:\/\/dimensionturistica.com\/es\/wp-json\/wp\/v2\/media?parent=632148"}],"wp:term":[{"taxonomy":"category","embeddable":true,"href":"https:\/\/dimensionturistica.com\/es\/wp-json\/wp\/v2\/categories?post=632148"},{"taxonomy":"post_tag","embeddable":true,"href":"https:\/\/dimensionturistica.com\/es\/wp-json\/wp\/v2\/tags?post=632148"}],"curies":[{"name":"wp","href":"https:\/\/api.w.org\/{rel}","templated":true}]}}