{"id":631664,"date":"2023-10-04T18:15:17","date_gmt":"2023-10-04T18:15:17","guid":{"rendered":"https:\/\/dimensionturistica.com\/es\/?p=631664"},"modified":"2023-10-04T18:15:17","modified_gmt":"2023-10-04T18:15:17","slug":"la-ciudad-de-salta-se-unio-a-la-feria-global-de-turismo-2023","status":"publish","type":"post","link":"https:\/\/dimensionturistica.com\/es\/la-ciudad-de-salta-se-unio-a-la-feria-global-de-turismo-2023\/","title":{"rendered":"La ciudad de Salta se uni\u00f3 a la Feria Global de Turismo 2023"},"content":{"rendered":"<p>Descubriendo la encantadora Ciudad de Salta en la Feria Internacional de Turismo 2023<\/p>\n<p>Si hay algo que los amantes de los viajes y la aventura saben, es que cada rinc\u00f3n del mundo guarda un tesoro \u00fanico por descubrir. En esta ocasi\u00f3n, nos adentramos en los encantos de la hermosa Ciudad de Salta, una joya escondida en el coraz\u00f3n de Argentina. Y \u00bfqu\u00e9 mejor forma de conocerla que a trav\u00e9s de su participaci\u00f3n en la Feria Internacional de Turismo 2023?<\/p>\n<p>Este evento sin precedentes irradi\u00f3 magia en cada uno de los expositores. La Ciudad de Salta, con su inigualable belleza y riqueza cultural, no se qued\u00f3 atr\u00e1s. La delegaci\u00f3n salte\u00f1a hizo gala de su hospitalidad y su calidez, dejando una impresi\u00f3n duradera en todos aquellos que se acercaron a conocerla.<\/p>\n<p>Ubicada a los pies de los majestuosos cerros de la Cordillera de Los Andes, Salta se presenta como un destino imperdible para todo amante de la naturaleza y los paisajes pintorescos. La ciudad cuenta con una arquitectura colonial sorprendente y una vibrante vida cultural, lo que la convierte en un para\u00edso para los turistas \u00e1vidos de experiencias aut\u00e9nticas.<\/p>\n<p>Uno de los aspectos que no pas\u00f3 desapercibido en la Feria Internacional de Turismo fue la gastronom\u00eda salte\u00f1a. Con una mezcla de influencias ind\u00edgenas y espa\u00f1olas, los sabores y aromas de la cocina salte\u00f1a sorprendieron a los visitantes. Desde las exquisitas empanadas, pasando por platos tradicionales como el locro y la humita, hasta las deliciosas postales de dulce de leche y queso de cabra, el paladar se volvi\u00f3 c\u00f3mplice de un viaje culinario imperdible.<\/p>\n<p>Adem\u00e1s, la Ciudad de Salta es conocida por sus festivales y tradiciones populares. Durante la Feria Internacional de Turismo, se destacaron expresiones culturales \u00fanicas, como la famosa procesi\u00f3n del Se\u00f1or y la Virgen del Milagro, una muestra de fe que convoca a miles de fieles cada a\u00f1o, y la colorida celebraci\u00f3n de la Fiesta de los Carnavales, donde la m\u00fasica y las danzas tradicionales le dan vida a las calles.<\/p>\n<p>Pero no todo es historia y tradici\u00f3n en Salta, tambi\u00e9n ofrece un abanico de actividades al aire libre. Desde realizar caminatas por el Cerro San Bernardo para apreciar una vista panor\u00e1mica de la ciudad, hasta recorrer el famoso tren de las nubes, que asciende a m\u00e1s de 4000 metros de altura, la adrenalina y emoci\u00f3n est\u00e1n aseguradas para los amantes de las experiencias \u00fanicas.<\/p>\n<p>En conclusi\u00f3n, la Ciudad de Salta se luci\u00f3 en la Feria Internacional de Turismo 2023 y dej\u00f3 a todos con ganas de descubrir m\u00e1s de sus tesoros. Con su combinaci\u00f3n de belleza natural, cultura arraigada y hospitalidad genuina, Salta se posiciona como un destino tur\u00edstico imperdible en Argentina. \u00bfA qu\u00e9 est\u00e1s esperando para a\u00f1adirla a tu lista de lugares por descubrir?<\/p>\n<p><em> &#8221; Sources prensa.municipalidadsalta.gob.ar &#8221; <\/em><\/p>\n<p><em> &#8221; Fuentes prensa.municipalidadsalta.gob.ar &#8221; <\/em><\/p>\n","protected":false},"excerpt":{"rendered":"<p>Descubriendo la encantadora Ciudad de Salta en la Feria Internacional de Turismo 2023 Si hay algo que los amantes de los viajes y la aventura saben, es que cada rinc\u00f3n del mundo guarda un tesoro \u00fanico por descubrir. En esta ocasi\u00f3n, nos adentramos en los encantos de la hermosa Ciudad de Salta, una joya escondida [&hellip;]<\/p>\n","protected":false},"author":4,"featured_media":631665,"comment_status":"open","ping_status":"closed","sticky":false,"template":"","format":"standard","meta":{"om_disable_all_campaigns":false,"jnews-multi-image_gallery":[],"jnews_single_post":[],"jnews_primary_category":[],"jnews_social_meta":[],"footnotes":""},"categories":[39],"tags":[13282,1334,24313,102168,544],"class_list":["post-631664","post","type-post","status-publish","format-standard","has-post-thumbnail","hentry","category-viajes","tag-13282","tag-ciudad","tag-feria-internacional-de-turismo","tag-the-tags-for-the-given-title-could-be-salta","tag-turismo"],"_links":{"self":[{"href":"https:\/\/dimensionturistica.com\/es\/wp-json\/wp\/v2\/posts\/631664","targetHints":{"allow":["GET"]}}],"collection":[{"href":"https:\/\/dimensionturistica.com\/es\/wp-json\/wp\/v2\/posts"}],"about":[{"href":"https:\/\/dimensionturistica.com\/es\/wp-json\/wp\/v2\/types\/post"}],"author":[{"embeddable":true,"href":"https:\/\/dimensionturistica.com\/es\/wp-json\/wp\/v2\/users\/4"}],"replies":[{"embeddable":true,"href":"https:\/\/dimensionturistica.com\/es\/wp-json\/wp\/v2\/comments?post=631664"}],"version-history":[{"count":0,"href":"https:\/\/dimensionturistica.com\/es\/wp-json\/wp\/v2\/posts\/631664\/revisions"}],"wp:featuredmedia":[{"embeddable":true,"href":"https:\/\/dimensionturistica.com\/es\/wp-json\/wp\/v2\/media\/631665"}],"wp:attachment":[{"href":"https:\/\/dimensionturistica.com\/es\/wp-json\/wp\/v2\/media?parent=631664"}],"wp:term":[{"taxonomy":"category","embeddable":true,"href":"https:\/\/dimensionturistica.com\/es\/wp-json\/wp\/v2\/categories?post=631664"},{"taxonomy":"post_tag","embeddable":true,"href":"https:\/\/dimensionturistica.com\/es\/wp-json\/wp\/v2\/tags?post=631664"}],"curies":[{"name":"wp","href":"https:\/\/api.w.org\/{rel}","templated":true}]}}