{"id":631425,"date":"2023-10-04T13:38:30","date_gmt":"2023-10-04T13:38:30","guid":{"rendered":"https:\/\/dimensionturistica.com\/es\/?p=631425"},"modified":"2023-10-04T13:38:30","modified_gmt":"2023-10-04T13:38:30","slug":"se-inaugura-en-valencia-el-exclusivo-restaurante-de-rafa-nadal-y-cristiano-ronaldo","status":"publish","type":"post","link":"https:\/\/dimensionturistica.com\/es\/se-inaugura-en-valencia-el-exclusivo-restaurante-de-rafa-nadal-y-cristiano-ronaldo\/","title":{"rendered":"Se inaugura en Val\u00e8ncia el exclusivo restaurante de Rafa Nadal y Cristiano Ronaldo"},"content":{"rendered":"<p>Valencia: la capital gastron\u00f3mica que atrae a leyendas del deporte<\/p>\n<p>En un rinc\u00f3n privilegiado del Mediterr\u00e1neo, la vibrante ciudad de Valencia se ha consolidado como un referente tur\u00edstico durante los \u00faltimos a\u00f1os. Sus playas de ensue\u00f1o, su arquitectura impresionante y su animada vida nocturna son solo algunos de los atractivos que la convierten en una visita obligada para viajeros de todo el mundo. Sin embargo, en los \u00faltimos meses, la ciudad ha a\u00f1adido otro motivo para visitarla: la apertura de dos restaurantes de renombre que han llamado la atenci\u00f3n no solo de los amantes de la gastronom\u00eda, sino tambi\u00e9n de los fan\u00e1ticos del deporte.<\/p>\n<p>Uno de estos restaurantes es propiedad de la leyenda del tenis Rafael Nadal. Con una exitosa carrera en el mundo del deporte, Nadal ha logrado conquistar la atenci\u00f3n de millones de personas en todo el planeta. Pero ahora ha decidido expandir sus horizontes y adentrarse en el mundo de la gastronom\u00eda con su nuevo restaurante en Valencia. Situado en el elegante barrio de El Ensanche, este lugar ofrece una experiencia culinaria \u00fanica, en la que los sabores mediterr\u00e1neos y los ingredientes locales son los protagonistas.<\/p>\n<p>Pero Nadal no es el \u00fanico deportista de \u00e9lite que ha decidido incursionar en el mundo de la restauraci\u00f3n en Valencia. El famoso futbolista Cristiano Ronaldo tambi\u00e9n ha apostado por la ciudad para abrir su propio restaurante. Ubicado en el barrio de la Ciudad de las Artes y las Ciencias, este establecimiento sorprende a los comensales con un men\u00fa que combina lo mejor de la cocina mediterr\u00e1nea con la cocina portuguesa, en honor a los or\u00edgenes del futbolista.<\/p>\n<p>La llegada de estos dos restaurantes ha generado una gran expectaci\u00f3n en Valencia y en la industria gastron\u00f3mica en general. La reputaci\u00f3n de ambos deportistas, acompa\u00f1ada por la excelencia de sus restaurantes, ha convertido a estos lugares en destinos imperdibles para aquellos que desean experimentar la aut\u00e9ntica cocina de la regi\u00f3n, con un toque de glamour a\u00f1adido.<\/p>\n<p>Pero m\u00e1s all\u00e1 de la fama de Nadal y Ronaldo, estos restaurantes tambi\u00e9n son un reflejo del auge de la gastronom\u00eda valenciana en los \u00faltimos a\u00f1os. Con una oferta culinaria que combina tradici\u00f3n e innovaci\u00f3n, la cocina de la ciudad se ha posicionado como una de las m\u00e1s destacadas de Espa\u00f1a. Platos emblem\u00e1ticos como la paella, las tapas y el horchata han conquistado los paladares de los visitantes y convierten a Valencia en un verdadero para\u00edso gastron\u00f3mico.<\/p>\n<p>As\u00ed que si est\u00e1s planeando una escapada a Valencia, no puedes perderte la oportunidad de visitar los restaurantes de Rafael Nadal y Cristiano Ronaldo. Adem\u00e1s de disfrutar de la deliciosa comida, podr\u00e1s capturar un poco del esp\u00edritu y la pasi\u00f3n de estos dos iconos del deporte. Y si eres un amante de la gastronom\u00eda, Valencia te espera con los brazos abiertos, con sus sabores aut\u00e9nticos y su encanto mediterr\u00e1neo. \u00a1No te lo pierdas!<\/p>\n<p><em> &#8221; Sources viajes.nationalgeographic.com.es &#8221; <\/em><\/p>\n<p><em> &#8221; Fuentes viajes.nationalgeographic.com.es &#8221; <\/em><\/p>\n","protected":false},"excerpt":{"rendered":"<p>Valencia: la capital gastron\u00f3mica que atrae a leyendas del deporte En un rinc\u00f3n privilegiado del Mediterr\u00e1neo, la vibrante ciudad de Valencia se ha consolidado como un referente tur\u00edstico durante los \u00faltimos a\u00f1os. Sus playas de ensue\u00f1o, su arquitectura impresionante y su animada vida nocturna son solo algunos de los atractivos que la convierten en una [&hellip;]<\/p>\n","protected":false},"author":4,"featured_media":631426,"comment_status":"open","ping_status":"closed","sticky":false,"template":"","format":"standard","meta":{"om_disable_all_campaigns":false,"jnews-multi-image_gallery":[],"jnews_single_post":[],"jnews_primary_category":[],"jnews_social_meta":[],"footnotes":""},"categories":[39],"tags":[710,8795,5683,6643,5686,2189,14334,4654,2769,545],"class_list":["post-631425","post","type-post","status-publish","format-standard","has-post-thumbnail","hentry","category-viajes","tag-ciencia","tag-cristiano-ronaldo","tag-geographic","tag-historia","tag-national","tag-naturaleza","tag-rafa-nadal","tag-restaurant","tag-valencia","tag-viajes"],"_links":{"self":[{"href":"https:\/\/dimensionturistica.com\/es\/wp-json\/wp\/v2\/posts\/631425","targetHints":{"allow":["GET"]}}],"collection":[{"href":"https:\/\/dimensionturistica.com\/es\/wp-json\/wp\/v2\/posts"}],"about":[{"href":"https:\/\/dimensionturistica.com\/es\/wp-json\/wp\/v2\/types\/post"}],"author":[{"embeddable":true,"href":"https:\/\/dimensionturistica.com\/es\/wp-json\/wp\/v2\/users\/4"}],"replies":[{"embeddable":true,"href":"https:\/\/dimensionturistica.com\/es\/wp-json\/wp\/v2\/comments?post=631425"}],"version-history":[{"count":0,"href":"https:\/\/dimensionturistica.com\/es\/wp-json\/wp\/v2\/posts\/631425\/revisions"}],"wp:featuredmedia":[{"embeddable":true,"href":"https:\/\/dimensionturistica.com\/es\/wp-json\/wp\/v2\/media\/631426"}],"wp:attachment":[{"href":"https:\/\/dimensionturistica.com\/es\/wp-json\/wp\/v2\/media?parent=631425"}],"wp:term":[{"taxonomy":"category","embeddable":true,"href":"https:\/\/dimensionturistica.com\/es\/wp-json\/wp\/v2\/categories?post=631425"},{"taxonomy":"post_tag","embeddable":true,"href":"https:\/\/dimensionturistica.com\/es\/wp-json\/wp\/v2\/tags?post=631425"}],"curies":[{"name":"wp","href":"https:\/\/api.w.org\/{rel}","templated":true}]}}