{"id":630887,"date":"2023-10-04T03:10:22","date_gmt":"2023-10-04T03:10:22","guid":{"rendered":"https:\/\/dimensionturistica.com\/es\/?p=630887"},"modified":"2023-10-04T03:10:22","modified_gmt":"2023-10-04T03:10:22","slug":"perez-reverte-galardonado-con-el-premio-embajador-de-la-ciudad-por-la-destacada-contribucion-a-la-promocion-turistica-de-sevilla","status":"publish","type":"post","link":"https:\/\/dimensionturistica.com\/es\/perez-reverte-galardonado-con-el-premio-embajador-de-la-ciudad-por-la-destacada-contribucion-a-la-promocion-turistica-de-sevilla\/","title":{"rendered":"P\u00e9rez Reverte galardonado con el premio &#8220;Embajador de la Ciudad&#8221; por la destacada contribuci\u00f3n a la promoci\u00f3n tur\u00edstica de Sevilla"},"content":{"rendered":"<p>Un premio de renombre ha sido otorgado a un ilustre escritor que ha logrado atrapar la esencia y magia de una de las ciudades m\u00e1s fascinantes de Espa\u00f1a: Sevilla. El reconocido autor, conocido por sus relatos cautivadores y su pasi\u00f3n por la historia, ha sido distinguido con el preciado galard\u00f3n de &#8220;Embajador de Sevilla&#8221; por parte de la industria tur\u00edstica.<\/p>\n<p>Nos referimos nada m\u00e1s y nada menos que a Arturo P\u00e9rez-Reverte, quien no solo ha dejado huella en las letras hispanas, sino que tambi\u00e9n ha sabido plasmar la belleza y singularidad de esta ciudad andaluza en varias de sus obras m\u00e1s emblem\u00e1ticas. Su compromiso con la cultura y el patrimonio de Sevilla lo convierten en el candidato ideal para recibir este importante reconocimiento.<\/p>\n<p>P\u00e9rez-Reverte ha sabido transportar a sus lectores a trav\u00e9s de las callejuelas del Barrio de Santa Cruz, permiti\u00e9ndonos vislumbrar el encanto de los patios andaluces, los trazos de azulejos sevillanos y la majestuosidad de la Catedral de Sevilla, la m\u00e1s grande del mundo g\u00f3tico. Sus descripciones detalladas y su capacidad para involucrar al lector en la trama hacen que sea imposible no enamorarse de esta ciudad milenaria.<\/p>\n<p>Pero P\u00e9rez-Reverte no solo ha contribuido a la difusi\u00f3n del legado cultural de Sevilla a trav\u00e9s de sus novelas. Tambi\u00e9n ha sido un ferviente defensor de su historia, ejerciendo como cronista y recopilador de las tradiciones que han marcado el devenir de esta metr\u00f3polis. Desde las antiguas murallas que rodeaban la ciudad hasta las leyendas que se cuentan sobre la Giralda, ning\u00fan detalle escapa a la pluma de este escritor.<\/p>\n<p>La elecci\u00f3n de P\u00e9rez-Reverte como embajador de Sevilla no solo se basa en sus conquistas literarias, sino tambi\u00e9n en su incansable labor por promover el turismo sostenible y responsable. En una \u00e9poca en la que el turismo masivo se ha convertido en un desaf\u00edo para muchas ciudades, Sevilla ha encontrado en P\u00e9rez-Reverte un defensor de la preservaci\u00f3n de su identidad.<\/p>\n<p>Sevilla es una ciudad que no se limita a su famosa Semana Santa o a su Feria de Abril. Es un lugar lleno de historia, cultura y tradiciones, que nos invita a perdernos en sus calles empedradas y a dejarnos llevar por el ambiente \u00fanico que la caracteriza. Gracias a embajadores como P\u00e9rez-Reverte, Sevilla sigue siendo un destino tur\u00edstico de primer nivel, capaz de cautivar a cualquier visitante con su encanto irresistible.<\/p>\n<p>As\u00ed que, la pr\u00f3xima vez que te sumerjas en las p\u00e1ginas de una novela de Arturo P\u00e9rez-Reverte, ser\u00e1 imposible no sentir el deseo de explorar los rincones de Sevilla, esa ciudad que tanto le ha inspirado. No hay duda de que, gracias a su elegante pluma y a su profundo amor por esta tierra, el legado de P\u00e9rez-Reverte quedar\u00e1 impregnado en las calles de Sevilla para siempre, haciendo de ella un destino tur\u00edstico ineludible.<\/p>\n<p><em> &#8221; Sources vivasevilla.es &#8221; <\/em><\/p>\n<p><em> &#8221; Sources vivasevilla.es &#8221; <\/em><\/p>\n","protected":false},"excerpt":{"rendered":"<p>Un premio de renombre ha sido otorgado a un ilustre escritor que ha logrado atrapar la esencia y magia de una de las ciudades m\u00e1s fascinantes de Espa\u00f1a: Sevilla. El reconocido autor, conocido por sus relatos cautivadores y su pasi\u00f3n por la historia, ha sido distinguido con el preciado galard\u00f3n de &#8220;Embajador de Sevilla&#8221; por [&hellip;]<\/p>\n","protected":false},"author":4,"featured_media":630888,"comment_status":"open","ping_status":"closed","sticky":false,"template":"","format":"standard","meta":{"om_disable_all_campaigns":false,"jnews-multi-image_gallery":[],"jnews_single_post":[],"jnews_primary_category":[],"jnews_social_meta":[],"footnotes":""},"categories":[40],"tags":[1296,98960,98961],"class_list":["post-630887","post","type-post","status-publish","format-standard","has-post-thumbnail","hentry","category-industria","tag-industria-turistica","tag-perez-reverte","tag-premio-embajador-de-sevilla"],"_links":{"self":[{"href":"https:\/\/dimensionturistica.com\/es\/wp-json\/wp\/v2\/posts\/630887","targetHints":{"allow":["GET"]}}],"collection":[{"href":"https:\/\/dimensionturistica.com\/es\/wp-json\/wp\/v2\/posts"}],"about":[{"href":"https:\/\/dimensionturistica.com\/es\/wp-json\/wp\/v2\/types\/post"}],"author":[{"embeddable":true,"href":"https:\/\/dimensionturistica.com\/es\/wp-json\/wp\/v2\/users\/4"}],"replies":[{"embeddable":true,"href":"https:\/\/dimensionturistica.com\/es\/wp-json\/wp\/v2\/comments?post=630887"}],"version-history":[{"count":0,"href":"https:\/\/dimensionturistica.com\/es\/wp-json\/wp\/v2\/posts\/630887\/revisions"}],"wp:featuredmedia":[{"embeddable":true,"href":"https:\/\/dimensionturistica.com\/es\/wp-json\/wp\/v2\/media\/630888"}],"wp:attachment":[{"href":"https:\/\/dimensionturistica.com\/es\/wp-json\/wp\/v2\/media?parent=630887"}],"wp:term":[{"taxonomy":"category","embeddable":true,"href":"https:\/\/dimensionturistica.com\/es\/wp-json\/wp\/v2\/categories?post=630887"},{"taxonomy":"post_tag","embeddable":true,"href":"https:\/\/dimensionturistica.com\/es\/wp-json\/wp\/v2\/tags?post=630887"}],"curies":[{"name":"wp","href":"https:\/\/api.w.org\/{rel}","templated":true}]}}