{"id":626390,"date":"2023-09-28T20:44:35","date_gmt":"2023-09-28T20:44:35","guid":{"rendered":"https:\/\/dimensionturistica.com\/es\/?p=626390"},"modified":"2023-09-28T20:44:35","modified_gmt":"2023-09-28T20:44:35","slug":"autor-destacado-perez-reverte-recibe-el-premio-representante-de-sevilla-de-la-industria-del-turismo","status":"publish","type":"post","link":"https:\/\/dimensionturistica.com\/es\/autor-destacado-perez-reverte-recibe-el-premio-representante-de-sevilla-de-la-industria-del-turismo\/","title":{"rendered":"Autor destacado P\u00e9rez Reverte recibe el premio &#8220;Representante de Sevilla&#8221; de la industria del turismo"},"content":{"rendered":"<p>El encanto y la magia de la ciudad de Sevilla han conquistado a lo largo de los a\u00f1os a millones de personas, y no es de extra\u00f1ar que uno de los escritores m\u00e1s aclamados de nuestro tiempo haya sido nombrado Embajador de esta hermosa ciudad andaluza.<\/p>\n<p>Recientemente, la industria tur\u00edstica de Sevilla ha otorgado el prestigioso galard\u00f3n de Embajador de la ciudad al reconocido novelista y periodista espa\u00f1ol, quien ha sabido plasmar como nadie la esencia y el misterio de las calles sevillanas en sus obras literarias.<\/p>\n<p>Conocido por su estilo narrativo \u00fanico y su profundo conocimiento hist\u00f3rico, este autor ha llevado a sus lectores a recorrer los rincones m\u00e1s emblem\u00e1ticos de la ciudad a trav\u00e9s de sus historias y personajes inolvidables. Sus descripciones detalladas y su habilidad para capturar la esencia de Sevilla han hecho que muchas personas se sientan atra\u00eddas por visitarla y descubrir por s\u00ed mismas el encanto de sus calles y plazas.<\/p>\n<p>Pasear por el laberinto de callejuelas estrechas de la antigua ciudad, cruzar los puentes que cruzan el r\u00edo Guadalquivir o detenerse en una de las muchas terrazas para disfrutar de las tapas locales, son solo algunas de las experiencias que P\u00e9rez-Reverte ha sabido plasmar en sus obras. Su capacidad para transmitir la emoci\u00f3n de perderse entre la arquitectura g\u00f3tica y mud\u00e9jar de la Catedral o el Alc\u00e1zar, o sumergirse en la atm\u00f3sfera vibrante de la Feria de Abril, es simplemente incre\u00edble.<\/p>\n<p>Pero no solo ha sido su obra literaria la que ha llevado a P\u00e9rez-Reverte a recibir este galard\u00f3n. Su compromiso con la conservaci\u00f3n del patrimonio hist\u00f3rico de la ciudad tambi\u00e9n ha sido destacado. Su lucha por preservar los tesoros arquitect\u00f3nicos de Sevilla, su empe\u00f1o en dar voz a aquellos que luchan por mantener viva la esencia de la ciudad, han hecho de \u00e9l una figura fundamental en la promoci\u00f3n del turismo sostenible y responsable.<\/p>\n<p>La concesi\u00f3n de este premio no solo reconoce la contribuci\u00f3n de P\u00e9rez-Reverte a la promoci\u00f3n tur\u00edstica de Sevilla, sino tambi\u00e9n su amor por la ciudad y su deseo de compartirlo con el resto del mundo. Sus novelas y art\u00edculos period\u00edsticos han llevado a innumerables personas a enamorarse de Sevilla antes incluso de visitarla en persona.<\/p>\n<p>Sin duda, el nombramiento de este aclamado autor como Embajador de Sevilla es una prueba m\u00e1s del poder que tiene el turismo cultural y literario para dar a conocer destinos y enfatizar su riqueza hist\u00f3rica y cultural.<\/p>\n<p>Si eres un amante de la literatura y el turismo, te invito a sumergirte en las p\u00e1ginas de las obras de P\u00e9rez-Reverte y dejarte transportar a los rincones m\u00e1s fascinantes de esta encantadora ciudad. Con cada palabra, te sentir\u00e1s m\u00e1s cercano a Sevilla y su legado cultural.<\/p>\n<p>En conclusi\u00f3n, la designaci\u00f3n de P\u00e9rez-Reverte como Embajador de Sevilla es un reconocimiento a su talento literario y su capacidad para transmitir la esencia de la ciudad en sus obras. Sin duda alguna, su contribuci\u00f3n a la promoci\u00f3n del turismo y la conservaci\u00f3n del patrimonio hist\u00f3rico de Sevilla es invaluable. As\u00ed que, si tienes la oportunidad, no dudes en visitar esta ciudad que ha inspirado a uno de los grandes escritores de nuestro tiempo. \u00a1Descubre por ti mismo el embrujo de Sevilla!<\/p>\n<p><em> &#8221; Sources vivasevilla.es &#8221; <\/em><\/p>\n<p><em> &#8221; Sources vivasevilla.es &#8221; <\/em><\/p>\n","protected":false},"excerpt":{"rendered":"<p>El encanto y la magia de la ciudad de Sevilla han conquistado a lo largo de los a\u00f1os a millones de personas, y no es de extra\u00f1ar que uno de los escritores m\u00e1s aclamados de nuestro tiempo haya sido nombrado Embajador de esta hermosa ciudad andaluza. Recientemente, la industria tur\u00edstica de Sevilla ha otorgado el [&hellip;]<\/p>\n","protected":false},"author":4,"featured_media":626391,"comment_status":"open","ping_status":"closed","sticky":false,"template":"","format":"standard","meta":{"om_disable_all_campaigns":false,"jnews-multi-image_gallery":[],"jnews_single_post":[],"jnews_primary_category":[],"jnews_social_meta":[],"footnotes":""},"categories":[40],"tags":[1296,98960,98961],"class_list":["post-626390","post","type-post","status-publish","format-standard","has-post-thumbnail","hentry","category-industria","tag-industria-turistica","tag-perez-reverte","tag-premio-embajador-de-sevilla"],"_links":{"self":[{"href":"https:\/\/dimensionturistica.com\/es\/wp-json\/wp\/v2\/posts\/626390","targetHints":{"allow":["GET"]}}],"collection":[{"href":"https:\/\/dimensionturistica.com\/es\/wp-json\/wp\/v2\/posts"}],"about":[{"href":"https:\/\/dimensionturistica.com\/es\/wp-json\/wp\/v2\/types\/post"}],"author":[{"embeddable":true,"href":"https:\/\/dimensionturistica.com\/es\/wp-json\/wp\/v2\/users\/4"}],"replies":[{"embeddable":true,"href":"https:\/\/dimensionturistica.com\/es\/wp-json\/wp\/v2\/comments?post=626390"}],"version-history":[{"count":0,"href":"https:\/\/dimensionturistica.com\/es\/wp-json\/wp\/v2\/posts\/626390\/revisions"}],"wp:featuredmedia":[{"embeddable":true,"href":"https:\/\/dimensionturistica.com\/es\/wp-json\/wp\/v2\/media\/626391"}],"wp:attachment":[{"href":"https:\/\/dimensionturistica.com\/es\/wp-json\/wp\/v2\/media?parent=626390"}],"wp:term":[{"taxonomy":"category","embeddable":true,"href":"https:\/\/dimensionturistica.com\/es\/wp-json\/wp\/v2\/categories?post=626390"},{"taxonomy":"post_tag","embeddable":true,"href":"https:\/\/dimensionturistica.com\/es\/wp-json\/wp\/v2\/tags?post=626390"}],"curies":[{"name":"wp","href":"https:\/\/api.w.org\/{rel}","templated":true}]}}