{"id":625736,"date":"2023-09-27T17:04:46","date_gmt":"2023-09-27T17:04:46","guid":{"rendered":"https:\/\/dimensionturistica.com\/es\/?p=625736"},"modified":"2023-09-27T17:04:46","modified_gmt":"2023-09-27T17:04:46","slug":"santiago-auseron-concluye-su-travesia-en-cuba-explorando-la-esencia-de-semilla-del-son","status":"publish","type":"post","link":"https:\/\/dimensionturistica.com\/es\/santiago-auseron-concluye-su-travesia-en-cuba-explorando-la-esencia-de-semilla-del-son\/","title":{"rendered":"Santiago Auser\u00f3n concluye su traves\u00eda en Cuba explorando la esencia de &#8220;Semilla del son&#8221;"},"content":{"rendered":"<p>Explorando la esencia de Cuba: Un viaje inolvidable con Santiago Auser\u00f3n<\/p>\n<p>El Caribe es sin\u00f3nimo de sol, playas de ensue\u00f1o y m\u00fasica contagiosa. Pero m\u00e1s all\u00e1 de estos estereotipos tur\u00edsticos, existe una Cuba aut\u00e9ntica, llena de historia, cultura y tradiciones. Y no hay mejor forma de explorarla que en compa\u00f1\u00eda de Santiago Auser\u00f3n, un reconocido m\u00fasico y viajero empedernido que ha emprendido un fascinante proyecto llamado &#8220;Semilla del Son&#8221;.<\/p>\n<p>Recientemente, Auser\u00f3n culmin\u00f3 el ciclo de su proyecto con un viaje especial a Cuba, donde se sumergi\u00f3 en la esencia misma de este pa\u00eds caribe\u00f1o. A trav\u00e9s de su m\u00fasica y su pasi\u00f3n por la cultura cubana, logr\u00f3 dar vida a una experiencia \u00fanica para los viajeros, capturando as\u00ed el alma de la isla y transmiti\u00e9ndola de manera aut\u00e9ntica.<\/p>\n<p>El viaje comenz\u00f3 en la emblem\u00e1tica Habana, donde los participantes tuvieron la oportunidad de recorrer las coloridas calles de la ciudad vieja y descubrir los secretos mejor guardados de la m\u00fasica cubana. Auser\u00f3n, con su sabidur\u00eda musical y su amor por el sonido tradicional de la isla, gui\u00f3 a los viajeros por los rincones m\u00e1s aut\u00e9nticos y vibrantes de la Habana, donde la m\u00fasica est\u00e1 presente en cada esquina.<\/p>\n<p>Pero el viaje no se limit\u00f3 a la capital. Juntos, Auser\u00f3n y los aventureros emprendieron un recorrido por la regi\u00f3n de Pinar del R\u00edo, famosa por sus plantaciones de tabaco y sus hermosos paisajes naturales. Aqu\u00ed, en medio de las verdes monta\u00f1as y los campos de tabaco, los participantes se sumergieron en la cultura rural de Cuba, aprendiendo sobre el proceso de producci\u00f3n del famoso habano y disfrutando de la tranquilidad de la vida en el campo.<\/p>\n<p>El viaje tambi\u00e9n incluy\u00f3 una visita a Trinidad, una hermosa ciudad colonial que parece haberse detenido en el tiempo. Sus calles empedradas, casas de colores y plazas hist\u00f3ricas evocan la \u00e9poca colonial y muestran un lado \u00fanico de la cultura cubana. Auser\u00f3n, con su pasi\u00f3n por la historia y la m\u00fasica, comparti\u00f3 con los viajeros las historias y leyendas de esta encantadora ciudad, transport\u00e1ndolos a trav\u00e9s del tiempo y haci\u00e9ndolos sentir parte de la misma historia que se respira en cada rinc\u00f3n de Trinidad.<\/p>\n<p>Pero m\u00e1s all\u00e1 de los destinos tur\u00edsticos, lo que hizo de este viaje una experiencia inolvidable fue la cercan\u00eda y la conexi\u00f3n que Auser\u00f3n estableci\u00f3 con los participantes. Su pasi\u00f3n por la m\u00fasica y su amor por Cuba se convirtieron en la gu\u00eda perfecta para descubrir una isla llena de encanto y riqueza cultural. Los viajeros no solo tuvieron la oportunidad de conocer la m\u00fasica cubana de primera mano, sino tambi\u00e9n de explorar su identidad, su pasado y su presente a trav\u00e9s de la mirada de un verdadero conocedor.<\/p>\n<p>En definitiva, el viaje con Santiago Auser\u00f3n y su proyecto &#8220;Semilla del Son&#8221; fue mucho m\u00e1s que una simple experiencia tur\u00edstica. Fue un encuentro con la autenticidad de Cuba, una oportunidad para sumergirse en su cultura, su m\u00fasica y su historia de una manera \u00fanica. Si est\u00e1s buscando un viaje que vaya m\u00e1s all\u00e1 de los clich\u00e9s y te permita descubrir la verdadera esencia de un destino, no puedes dejar pasar esta incre\u00edble experiencia junto a Santiago Auser\u00f3n en Cuba.<\/p>\n<p><em> &#8221; Sources www.infobae.com &#8221; <\/em><\/p>\n<p><em> &#8221; Sources www.infobae.com &#8221; <\/em><\/p>\n","protected":false},"excerpt":{"rendered":"<p>Explorando la esencia de Cuba: Un viaje inolvidable con Santiago Auser\u00f3n El Caribe es sin\u00f3nimo de sol, playas de ensue\u00f1o y m\u00fasica contagiosa. Pero m\u00e1s all\u00e1 de estos estereotipos tur\u00edsticos, existe una Cuba aut\u00e9ntica, llena de historia, cultura y tradiciones. Y no hay mejor forma de explorarla que en compa\u00f1\u00eda de Santiago Auser\u00f3n, un reconocido [&hellip;]<\/p>\n","protected":false},"author":4,"featured_media":625737,"comment_status":"open","ping_status":"closed","sticky":false,"template":"","format":"standard","meta":{"om_disable_all_campaigns":false,"jnews-multi-image_gallery":[],"jnews_single_post":[],"jnews_primary_category":[],"jnews_social_meta":[],"footnotes":""},"categories":[40],"tags":[98581,98580,956,98579],"class_list":["post-625736","post","type-post","status-publish","format-standard","has-post-thumbnail","hentry","category-industria","tag-viaje-a-la-esencia","tag-ciclo-semilla-del-son","tag-cuba","tag-the-comma-separated-list-of-tags-for-this-title-is-santiago-auseron"],"_links":{"self":[{"href":"https:\/\/dimensionturistica.com\/es\/wp-json\/wp\/v2\/posts\/625736","targetHints":{"allow":["GET"]}}],"collection":[{"href":"https:\/\/dimensionturistica.com\/es\/wp-json\/wp\/v2\/posts"}],"about":[{"href":"https:\/\/dimensionturistica.com\/es\/wp-json\/wp\/v2\/types\/post"}],"author":[{"embeddable":true,"href":"https:\/\/dimensionturistica.com\/es\/wp-json\/wp\/v2\/users\/4"}],"replies":[{"embeddable":true,"href":"https:\/\/dimensionturistica.com\/es\/wp-json\/wp\/v2\/comments?post=625736"}],"version-history":[{"count":0,"href":"https:\/\/dimensionturistica.com\/es\/wp-json\/wp\/v2\/posts\/625736\/revisions"}],"wp:featuredmedia":[{"embeddable":true,"href":"https:\/\/dimensionturistica.com\/es\/wp-json\/wp\/v2\/media\/625737"}],"wp:attachment":[{"href":"https:\/\/dimensionturistica.com\/es\/wp-json\/wp\/v2\/media?parent=625736"}],"wp:term":[{"taxonomy":"category","embeddable":true,"href":"https:\/\/dimensionturistica.com\/es\/wp-json\/wp\/v2\/categories?post=625736"},{"taxonomy":"post_tag","embeddable":true,"href":"https:\/\/dimensionturistica.com\/es\/wp-json\/wp\/v2\/tags?post=625736"}],"curies":[{"name":"wp","href":"https:\/\/api.w.org\/{rel}","templated":true}]}}