{"id":623572,"date":"2023-09-25T09:01:37","date_gmt":"2023-09-25T09:01:37","guid":{"rendered":"https:\/\/dimensionturistica.com\/es\/?p=623572"},"modified":"2023-09-25T09:01:37","modified_gmt":"2023-09-25T09:01:37","slug":"una-travesia-por-el-corazon-de-la-amazonia-desde-la-perspectiva-comprometida-de-sebastiao-salgado","status":"publish","type":"post","link":"https:\/\/dimensionturistica.com\/es\/una-travesia-por-el-corazon-de-la-amazonia-desde-la-perspectiva-comprometida-de-sebastiao-salgado\/","title":{"rendered":"Una traves\u00eda por el coraz\u00f3n de la Amazon\u00eda desde la perspectiva comprometida de Sebasti\u00e3o Salgado"},"content":{"rendered":"<p>Un viaje a la Amazon\u00eda: Una perspectiva comprometida de Sebasti\u00e3o Salgado<\/p>\n<p>La Amazon\u00eda, un tesoro natural que nos invita a adentrarnos en su exuberante belleza y a dejarnos cautivar por su majestuosidad. Sin embargo, detr\u00e1s de esa exuberancia, se oculta una realidad a menudo invisible: la destrucci\u00f3n y explotaci\u00f3n desenfrenada de este para\u00edso verde. Es precisamente esta faceta olvidada la que Sebasti\u00e3o Salgado, reconocido fot\u00f3grafo brasile\u00f1o, decidi\u00f3 capturar con su c\u00e1mara y mostrarnos a trav\u00e9s de su obra.<\/p>\n<p>Desde hace m\u00e1s de cuatro d\u00e9cadas, Salgado ha viajado por el mundo retratando las consecuencias de la acci\u00f3n humana en distintos ecosistemas. Pero fue en la Amazon\u00eda donde encontr\u00f3 uno de los mayores desaf\u00edos: plasmar la conexi\u00f3n entre el hombre y su entorno en medio de una lucha constante por la supervivencia. Su compromiso social y su mirada apasionada se funden en cada fotograf\u00eda, mostr\u00e1ndonos una realidad tan desgarradora como esperanzadora.<\/p>\n<p>Las im\u00e1genes capturadas por Salgado en su proyecto &#8220;G\u00e9nesis&#8221; nos invitan a adentrarnos en un mundo desconocido. A trav\u00e9s de su lente, podemos apreciar la maravilla de la diversidad biol\u00f3gica de la Amazon\u00eda, sus r\u00edos caudalosos, sus selvas impenetrables y su vida salvaje que nos sobrecoge. Pero simult\u00e1neamente, nos enfrentamos a la crudeza de la deforestaci\u00f3n, la explotaci\u00f3n y la lucha por la supervivencia de los habitantes de estas tierras.<\/p>\n<p>Cada fotograf\u00eda es un grito silencioso que nos invita a reflexionar sobre nuestra responsabilidad como seres humanos y custodios de la naturaleza. Son im\u00e1genes que nos incitan a cuestionar nuestros h\u00e1bitos de consumo y a tomar conciencia de las consecuencias de nuestras acciones. Sebasti\u00e3o Salgado nos muestra que estamos a tiempo de cambiar el rumbo y construir un futuro sostenible para esa joya que es la Amazon\u00eda.<\/p>\n<p>Es imposible no sentir una mezcla de desaz\u00f3n y esperanza al contemplar las fotograf\u00edas de Salgado. Sus im\u00e1genes son un recordatorio de la urgencia de preservar estos ecosistemas y de la importancia de apreciar y respetar la diversidad biol\u00f3gica y cultural de la regi\u00f3n.<\/p>\n<p>Este viaje a la Amazon\u00eda desde la comprometida mirada de Sebasti\u00e3o Salgado es una invitaci\u00f3n a la reflexi\u00f3n y al despertar de nuestra conciencia ciudadana. A trav\u00e9s de su obra, nos enfrentamos a la cruda realidad de la destrucci\u00f3n y, al mismo tiempo, nos ofrece una chispa de esperanza. Es un recordatorio de que a\u00fan podemos salvar la Amazon\u00eda y proteger a sus habitantes, siempre y cuando actuemos ahora.<\/p>\n<p>No podemos dar la espalda a una de las mayores riquezas naturales del planeta. Nuestro compromiso es preservarla y garantizar un futuro pr\u00f3spero para las generaciones venideras. La mirada comprometida de Sebasti\u00e3o Salgado nos insta a tomar acci\u00f3n, a convertirnos en embajadores de este para\u00edso y a luchar por su conservaci\u00f3n.<\/p>\n<p>El viaje a la Amazon\u00eda a trav\u00e9s de las fotograf\u00edas de Sebasti\u00e3o Salgado es una experiencia transformadora. Nos impulsa a mirar m\u00e1s all\u00e1 de lo evidente, a cuestionar nuestra relaci\u00f3n con la naturaleza y a comprometernos activamente en la protecci\u00f3n de este invaluable patrimonio natural.<\/p>\n<p>Es momento de escuchar el lamento silencioso de la Amazon\u00eda y responder con acciones concretas. Juntos podemos asegurar que este magn\u00edfico lugar siga siendo el pulm\u00f3n verde del planeta y el hogar de innumerables especies, incluyendo la nuestra. El tiempo apremia, y es nuestro deber asumir la responsabilidad y actuar ahora.<\/p>\n<p><em> &#8221; Sources elasombrario.publico.es &#8221; <\/em><\/p>\n<p><em> &#8221; Fuentes elasombrario.publico.es &#8221; <\/em><\/p>\n","protected":false},"excerpt":{"rendered":"<p>Un viaje a la Amazon\u00eda: Una perspectiva comprometida de Sebasti\u00e3o Salgado La Amazon\u00eda, un tesoro natural que nos invita a adentrarnos en su exuberante belleza y a dejarnos cautivar por su majestuosidad. Sin embargo, detr\u00e1s de esa exuberancia, se oculta una realidad a menudo invisible: la destrucci\u00f3n y explotaci\u00f3n desenfrenada de este para\u00edso verde. Es [&hellip;]<\/p>\n","protected":false},"author":4,"featured_media":623573,"comment_status":"open","ping_status":"closed","sticky":false,"template":"","format":"standard","meta":{"om_disable_all_campaigns":false,"jnews-multi-image_gallery":[],"jnews_single_post":[],"jnews_primary_category":[],"jnews_social_meta":[],"footnotes":""},"categories":[39],"tags":[2372,97108,24222,681],"class_list":["post-623572","post","type-post","status-publish","format-standard","has-post-thumbnail","hentry","category-viajes","tag-amazonia","tag-comprometida-mirada","tag-sebastiao-salgado","tag-viaje"],"_links":{"self":[{"href":"https:\/\/dimensionturistica.com\/es\/wp-json\/wp\/v2\/posts\/623572","targetHints":{"allow":["GET"]}}],"collection":[{"href":"https:\/\/dimensionturistica.com\/es\/wp-json\/wp\/v2\/posts"}],"about":[{"href":"https:\/\/dimensionturistica.com\/es\/wp-json\/wp\/v2\/types\/post"}],"author":[{"embeddable":true,"href":"https:\/\/dimensionturistica.com\/es\/wp-json\/wp\/v2\/users\/4"}],"replies":[{"embeddable":true,"href":"https:\/\/dimensionturistica.com\/es\/wp-json\/wp\/v2\/comments?post=623572"}],"version-history":[{"count":0,"href":"https:\/\/dimensionturistica.com\/es\/wp-json\/wp\/v2\/posts\/623572\/revisions"}],"wp:featuredmedia":[{"embeddable":true,"href":"https:\/\/dimensionturistica.com\/es\/wp-json\/wp\/v2\/media\/623573"}],"wp:attachment":[{"href":"https:\/\/dimensionturistica.com\/es\/wp-json\/wp\/v2\/media?parent=623572"}],"wp:term":[{"taxonomy":"category","embeddable":true,"href":"https:\/\/dimensionturistica.com\/es\/wp-json\/wp\/v2\/categories?post=623572"},{"taxonomy":"post_tag","embeddable":true,"href":"https:\/\/dimensionturistica.com\/es\/wp-json\/wp\/v2\/tags?post=623572"}],"curies":[{"name":"wp","href":"https:\/\/api.w.org\/{rel}","templated":true}]}}