{"id":623361,"date":"2023-09-25T00:31:16","date_gmt":"2023-09-25T00:31:16","guid":{"rendered":"https:\/\/dimensionturistica.com\/es\/?p=623361"},"modified":"2023-09-25T00:31:16","modified_gmt":"2023-09-25T00:31:16","slug":"la-maraton-internacional-buenos-aires-2023-emociones-desbordantes-y-trece-mil-corredores-en-accion","status":"publish","type":"post","link":"https:\/\/dimensionturistica.com\/es\/la-maraton-internacional-buenos-aires-2023-emociones-desbordantes-y-trece-mil-corredores-en-accion\/","title":{"rendered":"La Marat\u00f3n Internacional Buenos Aires 2023: Emociones desbordantes y trece mil corredores en acci\u00f3n."},"content":{"rendered":"<p>Emociones a flor de piel en una nueva edici\u00f3n de la Marat\u00f3n Internacional Buenos Aires 2023<\/p>\n<p>La ciudad de Buenos Aires se llen\u00f3 de entusiasmo y adrenalina el pasado fin de semana con la celebraci\u00f3n de la Marat\u00f3n Internacional Buenos Aires 2023. M\u00e1s de trece mil corredores de todas partes del mundo se dieron cita en esta incre\u00edble competencia que ha logrado consolidarse como uno de los eventos deportivos m\u00e1s destacados de Am\u00e9rica Latina.<\/p>\n<p>Desde tempranas horas de la ma\u00f1ana, el ambiente en la ciudad era palpable. Calles cerradas, banderas de diferentes pa\u00edses ondeando en el viento y una multitud expectante esperando el inicio de la carrera. Nervios, alegr\u00eda y determinaci\u00f3n se mezclaban en el rostro de cada corredor, dispuesto a desafiar sus l\u00edmites y conquistar una meta que puede parecer inalcanzable.<\/p>\n<p>La Marat\u00f3n Internacional Buenos Aires ofrece distintas distancias para adaptarse a las habilidades de cada participante. Desde los m\u00e1s atrevidos que se aventuran a correr los 42 kil\u00f3metros de la marat\u00f3n completa, hasta aquellos que prefieren probar sus fuerzas en los 10 o 21 kil\u00f3metros de las categor\u00edas media marat\u00f3n y carrera corta.<\/p>\n<p>El recorrido de esta competencia es simplemente espectacular. Los corredores atraviesan algunos de los lugares m\u00e1s emblem\u00e1ticos de la ciudad como el Obelisco, la Casa Rosada y el barrio de Palermo. Este a\u00f1o, la organizaci\u00f3n decidi\u00f3 incluir una nueva ruta que pasa por la Reserva Ecol\u00f3gica Costanera Sur, brindando a los corredores una conexi\u00f3n \u00fanica con la naturaleza en medio del bullicio de la urbe.<\/p>\n<p>Pero m\u00e1s all\u00e1 de los kil\u00f3metros y del paisaje, lo que realmente hace especial a esta marat\u00f3n es la atm\u00f3sfera de camarader\u00eda y superaci\u00f3n que se vive en sus calles. Cada corredor es un ejemplo de esfuerzo y dedicaci\u00f3n, y el apoyo del p\u00fablico se siente en cada esquina. Familiares, amigos y desconocidos se re\u00fanen para ofrecer palabras de aliento y aplausos que empujan a los atletas a seguir adelante, incluso cuando las piernas parecen flaquear.<\/p>\n<p>No cabe duda de que la Marat\u00f3n Internacional Buenos Aires es mucho m\u00e1s que una carrera. Es una experiencia que deja huella en la vida de quienes se atreven a participar. Muchos lo hacen movidos por un desaf\u00edo personal, otros por el amor al deporte, pero todos comparten la misma pasi\u00f3n por el running y el deseo de superarse a s\u00ed mismos.<\/p>\n<p>La edici\u00f3n 2023 de esta marat\u00f3n nos ha dejado momentos inolvidables. Desde el emocionante sprint final de los ganadores hasta las historias de corredores que lograron superar sus propios obst\u00e1culos y cumplir sus sue\u00f1os. Un ejemplo de ello es Laura, una corredora que perdi\u00f3 la movilidad de sus piernas tras un accidente automovil\u00edstico y, gracias a su valent\u00eda y perseverancia, pudo completar la categor\u00eda de media marat\u00f3n con la ayuda de una silla de ruedas adaptada.<\/p>\n<p>Inspiraci\u00f3n, esfuerzo y sacrificio son las palabras que mejor describen lo que se vivi\u00f3 en la Marat\u00f3n Internacional Buenos Aires 2023. Y es que este evento no solo se trata de correr, sino de desafiar l\u00edmites, vencer miedos y celebrar el esp\u00edritu humano en su m\u00e1xima expresi\u00f3n.<\/p>\n<p>Si est\u00e1s pensando en participar en una marat\u00f3n, no dudes en considerar la Marat\u00f3n Internacional Buenos Aires. No importa si eres un corredor experimentado o si apenas est\u00e1s empezando, aqu\u00ed encontrar\u00e1s un ambiente acogedor y desafiante que te motivar\u00e1 a alcanzar tus metas. Adem\u00e1s, tendr\u00e1s la oportunidad de conocer una ciudad fascinante, llena de historia y cultura, que te cautivar\u00e1 desde el primer momento.<\/p>\n<p>No te pierdas la pr\u00f3xima edici\u00f3n de la Marat\u00f3n Internacional Buenos Aires. Prep\u00e1rate para vivir una experiencia \u00fanica llena de emociones a flor de piel y un desaf\u00edo que te ayudar\u00e1 a descubrir todo tu potencial como corredor y como persona. \u00a1Te esperamos en la l\u00ednea de partida! \u00a1No te arrepentir\u00e1s!<\/p>\n<p><em> &#8221; Sources www.infobae.com &#8221; <\/em><\/p>\n<p><em> &#8221; Fuentes www.infobae.com &#8221; <\/em><\/p>\n","protected":false},"excerpt":{"rendered":"<p>Emociones a flor de piel en una nueva edici\u00f3n de la Marat\u00f3n Internacional Buenos Aires 2023 La ciudad de Buenos Aires se llen\u00f3 de entusiasmo y adrenalina el pasado fin de semana con la celebraci\u00f3n de la Marat\u00f3n Internacional Buenos Aires 2023. M\u00e1s de trece mil corredores de todas partes del mundo se dieron cita [&hellip;]<\/p>\n","protected":false},"author":4,"featured_media":623362,"comment_status":"open","ping_status":"closed","sticky":false,"template":"","format":"standard","meta":{"om_disable_all_campaigns":false,"jnews-multi-image_gallery":[],"jnews_single_post":[],"jnews_primary_category":[],"jnews_social_meta":[],"footnotes":""},"categories":[39],"tags":[13282,21080,96930,96931,96929],"class_list":["post-623361","post","type-post","status-publish","format-standard","has-post-thumbnail","hentry","category-viajes","tag-13282","tag-emociones","tag-flor-de-piel","tag-maraton-internacional-buenos-aires","tag-trece-mil-corredores"],"_links":{"self":[{"href":"https:\/\/dimensionturistica.com\/es\/wp-json\/wp\/v2\/posts\/623361","targetHints":{"allow":["GET"]}}],"collection":[{"href":"https:\/\/dimensionturistica.com\/es\/wp-json\/wp\/v2\/posts"}],"about":[{"href":"https:\/\/dimensionturistica.com\/es\/wp-json\/wp\/v2\/types\/post"}],"author":[{"embeddable":true,"href":"https:\/\/dimensionturistica.com\/es\/wp-json\/wp\/v2\/users\/4"}],"replies":[{"embeddable":true,"href":"https:\/\/dimensionturistica.com\/es\/wp-json\/wp\/v2\/comments?post=623361"}],"version-history":[{"count":0,"href":"https:\/\/dimensionturistica.com\/es\/wp-json\/wp\/v2\/posts\/623361\/revisions"}],"wp:featuredmedia":[{"embeddable":true,"href":"https:\/\/dimensionturistica.com\/es\/wp-json\/wp\/v2\/media\/623362"}],"wp:attachment":[{"href":"https:\/\/dimensionturistica.com\/es\/wp-json\/wp\/v2\/media?parent=623361"}],"wp:term":[{"taxonomy":"category","embeddable":true,"href":"https:\/\/dimensionturistica.com\/es\/wp-json\/wp\/v2\/categories?post=623361"},{"taxonomy":"post_tag","embeddable":true,"href":"https:\/\/dimensionturistica.com\/es\/wp-json\/wp\/v2\/tags?post=623361"}],"curies":[{"name":"wp","href":"https:\/\/api.w.org\/{rel}","templated":true}]}}