{"id":622227,"date":"2023-09-23T12:21:31","date_gmt":"2023-09-23T12:21:31","guid":{"rendered":"https:\/\/dimensionturistica.com\/es\/?p=622227"},"modified":"2023-09-23T12:21:31","modified_gmt":"2023-09-23T12:21:31","slug":"la-busqueda-de-oportunidades-academicas-llevo-a-paola-pinilla-astrofisica-a-dejar-colombia","status":"publish","type":"post","link":"https:\/\/dimensionturistica.com\/es\/la-busqueda-de-oportunidades-academicas-llevo-a-paola-pinilla-astrofisica-a-dejar-colombia\/","title":{"rendered":"La b\u00fasqueda de oportunidades acad\u00e9micas llev\u00f3 a Paola Pinilla, astrof\u00edsica, a dejar Colombia"},"content":{"rendered":"<p>Colombia, un pa\u00eds lleno de talento y belleza natural, es cuna de grandes mentes que han dejado su huella en diversos campos de estudio. Sin embargo, muchas veces, estos talentos se ven obligados a emigrar en busca de oportunidades acad\u00e9micas y profesionales que les permitan avanzar en sus carreras. Este es el caso de Paola Pinilla, una destacada astrof\u00edsica colombiana que tuvo que abandonar su tierra natal para perseguir sus sue\u00f1os.<\/p>\n<p>Paola, a sus 35 a\u00f1os, ha recorrido un largo camino hacia el \u00e9xito. Desde muy joven, mostr\u00f3 un gran inter\u00e9s por la astronom\u00eda y la f\u00edsica, lo que la llev\u00f3 a estudiar en una de las mejores universidades de Colombia. A medida que avanzaba en su carrera acad\u00e9mica, Paola se dio cuenta de que el panorama cient\u00edfico en su pa\u00eds le ofrec\u00eda pocas oportunidades para desarrollarse plenamente.<\/p>\n<p>Fue as\u00ed como, despu\u00e9s de mucha reflexi\u00f3n y con el coraz\u00f3n apretado, Paola tom\u00f3 la dif\u00edcil decisi\u00f3n de dejar su pa\u00eds y buscar oportunidades en el extranjero. No fue una elecci\u00f3n f\u00e1cil, pues implicaba dejar atr\u00e1s a su familia, amigos y todo lo que conoc\u00eda. Sin embargo, sab\u00eda que era necesario dar ese salto para poder avanzar en su carrera y contribuir al campo de la astrof\u00edsica desde un lugar donde su talento fuera valorado y reconocido.<\/p>\n<p>Paola encontr\u00f3 en Europa el ambiente acad\u00e9mico ideal para su desarrollo profesional. A trav\u00e9s de una beca de investigaci\u00f3n, logr\u00f3 ingresar a una reconocida instituci\u00f3n cient\u00edfica en Alemania, donde pudo trabajar junto a los mejores cient\u00edficos en su campo. Esta experiencia no solo le permiti\u00f3 ampliar sus conocimientos, sino que tambi\u00e9n le brind\u00f3 la oportunidad de conectarse con una comunidad cient\u00edfica internacional, compartiendo ideas y colaborando en proyectos innovadores.<\/p>\n<p>El viaje de Paola no solo fue en busca de nuevas oportunidades, sino tambi\u00e9n de un crecimiento personal. A medida que recorr\u00eda diferentes pa\u00edses y se enfrentaba a nuevos retos, Paola descubri\u00f3 su fuerza interior y se fue forjando como una mujer valiente y resiliente. Lejos de su tierra natal, aprendi\u00f3 a valorar a\u00fan m\u00e1s su origen y a llevar consigo el orgullo de ser colombiana.<\/p>\n<p>Hoy, Paola es un ejemplo de superaci\u00f3n y perseverancia para muchos j\u00f3venes que sue\u00f1an con incursionar en el campo de la ciencia. Su historia demuestra que, aunque el camino puede ser desafiante, el esfuerzo y la determinaci\u00f3n pueden abrir puertas que antes parec\u00edan inalcanzables.<\/p>\n<p>A pesar de las dificultades, Paola no pierde la esperanza de regresar alg\u00fan d\u00eda a Colombia y contribuir al crecimiento cient\u00edfico de su pa\u00eds. Sue\u00f1a con crear oportunidades para futuros cient\u00edficos y fomentar la pasi\u00f3n por la astronom\u00eda en la juventud colombiana.<\/p>\n<p>En resumen, la historia de Paola Pinilla es un testimonio inspirador de c\u00f3mo el talento colombiano puede trascender fronteras en busca de un futuro prometedor. Su valent\u00eda y determinaci\u00f3n nos recuerdan la importancia de seguir luchando por nuestros sue\u00f1os, incluso cuando el camino se torne dif\u00edcil. Colombia tiene mucho que ofrecer y talentos como Paola son prueba de ello.<\/p>\n<p><em> &#8221; Sources elpais.com &#8221; <\/em><\/p>\n<p><em> &#8221; Fuentes elpais.com &#8221; <\/em><\/p>\n","protected":false},"excerpt":{"rendered":"<p>Colombia, un pa\u00eds lleno de talento y belleza natural, es cuna de grandes mentes que han dejado su huella en diversos campos de estudio. Sin embargo, muchas veces, estos talentos se ven obligados a emigrar en busca de oportunidades acad\u00e9micas y profesionales que les permitan avanzar en sus carreras. Este es el caso de Paola [&hellip;]<\/p>\n","protected":false},"author":4,"featured_media":622228,"comment_status":"open","ping_status":"closed","sticky":false,"template":"","format":"standard","meta":{"om_disable_all_campaigns":false,"jnews-multi-image_gallery":[],"jnews_single_post":[],"jnews_primary_category":[],"jnews_social_meta":[],"footnotes":""},"categories":[39],"tags":[96069,96070],"class_list":["post-622227","post","type-post","status-publish","format-standard","has-post-thumbnail","hentry","category-viajes","tag-astrofisica","tag-carrera-academica"],"_links":{"self":[{"href":"https:\/\/dimensionturistica.com\/es\/wp-json\/wp\/v2\/posts\/622227","targetHints":{"allow":["GET"]}}],"collection":[{"href":"https:\/\/dimensionturistica.com\/es\/wp-json\/wp\/v2\/posts"}],"about":[{"href":"https:\/\/dimensionturistica.com\/es\/wp-json\/wp\/v2\/types\/post"}],"author":[{"embeddable":true,"href":"https:\/\/dimensionturistica.com\/es\/wp-json\/wp\/v2\/users\/4"}],"replies":[{"embeddable":true,"href":"https:\/\/dimensionturistica.com\/es\/wp-json\/wp\/v2\/comments?post=622227"}],"version-history":[{"count":0,"href":"https:\/\/dimensionturistica.com\/es\/wp-json\/wp\/v2\/posts\/622227\/revisions"}],"wp:featuredmedia":[{"embeddable":true,"href":"https:\/\/dimensionturistica.com\/es\/wp-json\/wp\/v2\/media\/622228"}],"wp:attachment":[{"href":"https:\/\/dimensionturistica.com\/es\/wp-json\/wp\/v2\/media?parent=622227"}],"wp:term":[{"taxonomy":"category","embeddable":true,"href":"https:\/\/dimensionturistica.com\/es\/wp-json\/wp\/v2\/categories?post=622227"},{"taxonomy":"post_tag","embeddable":true,"href":"https:\/\/dimensionturistica.com\/es\/wp-json\/wp\/v2\/tags?post=622227"}],"curies":[{"name":"wp","href":"https:\/\/api.w.org\/{rel}","templated":true}]}}