{"id":621120,"date":"2023-09-22T14:15:13","date_gmt":"2023-09-22T14:15:13","guid":{"rendered":"https:\/\/dimensionturistica.com\/es\/?p=621120"},"modified":"2023-09-22T14:15:13","modified_gmt":"2023-09-22T14:15:13","slug":"encuentro-turistico-en-valencia-reune-a-la-industria-alemana","status":"publish","type":"post","link":"https:\/\/dimensionturistica.com\/es\/encuentro-turistico-en-valencia-reune-a-la-industria-alemana\/","title":{"rendered":"Encuentro tur\u00edstico en Valencia re\u00fane a la industria alemana."},"content":{"rendered":"<p>La industria tur\u00edstica alemana se re\u00fane en Valencia<\/p>\n<p>En la ciudad de Valencia, Espa\u00f1a, se llev\u00f3 a cabo recientemente un encuentro de la industria tur\u00edstica alemana, en el marco de un evento que reuni\u00f3 a representantes de importantes empresas y profesionales del sector. El objetivo de esta reuni\u00f3n fue impulsar las relaciones comerciales entre ambos pa\u00edses y fortalecer los lazos tur\u00edsticos existentes.<\/p>\n<p>La cita, que cont\u00f3 con la asistencia de m\u00e1s de 200 personas, tuvo lugar en un reconocido hotel de la ciudad y se desarroll\u00f3 en un ambiente de camarader\u00eda y colaboraci\u00f3n. Durante el evento, se llevaron a cabo diversas conferencias y mesas redondas en las que se abordaron temas de inter\u00e9s para el sector tur\u00edstico, como el turismo sostenible, la innovaci\u00f3n tecnol\u00f3gica y las estrategias de marketing.<\/p>\n<p>Uno de los puntos destacados de esta reuni\u00f3n fue la participaci\u00f3n de reconocidos expertos en turismo, quienes compartieron sus experiencias y conocimientos con el p\u00fablico asistente. Estos expertos destacaron la importancia de fortalecer los lazos entre el mercado tur\u00edstico alem\u00e1n y la ciudad de Valencia, como un destino cada vez m\u00e1s atractivo para los turistas alemanes.<\/p>\n<p>Durante las diferentes mesas redondas, se debati\u00f3 sobre la importancia de una estrategia de marketing digital efectiva para atraer a los turistas alemanes, as\u00ed como la necesidad de adaptarse a las nuevas tendencias y tecnolog\u00edas que est\u00e1n revolucionando la industria tur\u00edstica a nivel mundial.<\/p>\n<p>Adem\u00e1s de las conferencias y mesas redondas, el evento tambi\u00e9n cont\u00f3 con una zona de exposici\u00f3n en la que diversas empresas presentaron sus productos y servicios relacionados con el sector tur\u00edstico. Los asistentes tuvieron la oportunidad de conocer de primera mano las \u00faltimas novedades en tecnolog\u00eda, alojamiento, gastronom\u00eda y actividades tur\u00edsticas.<\/p>\n<p>Sin duda, esta reuni\u00f3n de la industria tur\u00edstica alemana en Valencia fue un \u00e9xito rotundo, tanto en t\u00e9rminos de participaci\u00f3n como en la calidad de las conferencias y actividades desarrolladas. Este encuentro demuestra la importancia que tiene Valencia como destino tur\u00edstico y su capacidad para atraer a profesionales y expertos del sector a nivel internacional.<\/p>\n<p>Adem\u00e1s, esta reuni\u00f3n tambi\u00e9n ha servido para fortalecer las relaciones entre los dos pa\u00edses y abrir nuevas oportunidades de negocio para las empresas espa\u00f1olas y alemanas. La colaboraci\u00f3n y el intercambio de ideas y experiencias son fundamentales para el crecimiento y desarrollo del turismo en ambas naciones.<\/p>\n<p>En resumen, la reuni\u00f3n de la industria tur\u00edstica alemana en Valencia ha sido un evento destacado en el \u00e1mbito tur\u00edstico, que ha permitido fortalecer los lazos entre ambos pa\u00edses y compartir conocimientos y experiencias en beneficio de la industria tur\u00edstica. Valencia se consolida as\u00ed como un destino de gran relevancia y atractivo para los turistas alemanes, gracias a su rica oferta cultural, gastron\u00f3mica y natural.<\/p>\n<p><em> &#8221; Sources gacetadelturismo.com &#8221; <\/em><\/p>\n<p><em> &#8221; Sources gacetadelturismo.com &#8221; <\/em><\/p>\n","protected":false},"excerpt":{"rendered":"<p>La industria tur\u00edstica alemana se re\u00fane en Valencia En la ciudad de Valencia, Espa\u00f1a, se llev\u00f3 a cabo recientemente un encuentro de la industria tur\u00edstica alemana, en el marco de un evento que reuni\u00f3 a representantes de importantes empresas y profesionales del sector. El objetivo de esta reuni\u00f3n fue impulsar las relaciones comerciales entre ambos [&hellip;]<\/p>\n","protected":false},"author":4,"featured_media":621121,"comment_status":"open","ping_status":"closed","sticky":false,"template":"","format":"standard","meta":{"om_disable_all_campaigns":false,"jnews-multi-image_gallery":[],"jnews_single_post":[],"jnews_primary_category":[],"jnews_social_meta":[],"footnotes":""},"categories":[40],"tags":[7976,95240,2769],"class_list":["post-621120","post","type-post","status-publish","format-standard","has-post-thumbnail","hentry","category-industria","tag-reunion","tag-the-tags-for-this-title-could-be-la-industria-turistica-alemana","tag-valencia"],"_links":{"self":[{"href":"https:\/\/dimensionturistica.com\/es\/wp-json\/wp\/v2\/posts\/621120","targetHints":{"allow":["GET"]}}],"collection":[{"href":"https:\/\/dimensionturistica.com\/es\/wp-json\/wp\/v2\/posts"}],"about":[{"href":"https:\/\/dimensionturistica.com\/es\/wp-json\/wp\/v2\/types\/post"}],"author":[{"embeddable":true,"href":"https:\/\/dimensionturistica.com\/es\/wp-json\/wp\/v2\/users\/4"}],"replies":[{"embeddable":true,"href":"https:\/\/dimensionturistica.com\/es\/wp-json\/wp\/v2\/comments?post=621120"}],"version-history":[{"count":0,"href":"https:\/\/dimensionturistica.com\/es\/wp-json\/wp\/v2\/posts\/621120\/revisions"}],"wp:featuredmedia":[{"embeddable":true,"href":"https:\/\/dimensionturistica.com\/es\/wp-json\/wp\/v2\/media\/621121"}],"wp:attachment":[{"href":"https:\/\/dimensionturistica.com\/es\/wp-json\/wp\/v2\/media?parent=621120"}],"wp:term":[{"taxonomy":"category","embeddable":true,"href":"https:\/\/dimensionturistica.com\/es\/wp-json\/wp\/v2\/categories?post=621120"},{"taxonomy":"post_tag","embeddable":true,"href":"https:\/\/dimensionturistica.com\/es\/wp-json\/wp\/v2\/tags?post=621120"}],"curies":[{"name":"wp","href":"https:\/\/api.w.org\/{rel}","templated":true}]}}