{"id":620581,"date":"2023-09-21T02:19:06","date_gmt":"2023-09-21T02:19:06","guid":{"rendered":"https:\/\/dimensionturistica.com\/es\/?p=620581"},"modified":"2023-09-21T02:19:06","modified_gmt":"2023-09-21T02:19:06","slug":"vuelve-el-decimo-festival-que-exalta-la-excelencia-culinaria-los-vinos-y-el-turismo-de-baja-california","status":"publish","type":"post","link":"https:\/\/dimensionturistica.com\/es\/vuelve-el-decimo-festival-que-exalta-la-excelencia-culinaria-los-vinos-y-el-turismo-de-baja-california\/","title":{"rendered":"Vuelve el d\u00e9cimo festival que exalta la excelencia culinaria, los vinos y el turismo de Baja California"},"content":{"rendered":"<p>El festival culinario m\u00e1s esperado del a\u00f1o regresa a Baja California y esta vez celebra su d\u00e9cima edici\u00f3n. El Baja Culinary Fest, un evento que enaltece lo mejor de la gastronom\u00eda, el vino y el turismo en esta hermosa regi\u00f3n de M\u00e9xico, promete sorprender a los asistentes con experiencias \u00fanicas y sabores inigualables.<\/p>\n<p>Durante una semana, del 17 al 23 de octubre, Baja California se convierte en el epicentro de la buena comida y el buen vino. M\u00e1s de 100 chefs de renombre nacional e internacional se dar\u00e1n cita en distintos escenarios de la regi\u00f3n para deleitar a los comensales con sus creaciones culinarias \u00fanicas. Desde restaurantes exclusivos hasta degustaciones al aire libre, el Baja Culinary Fest tiene algo para todos los amantes de la buena cocina.<\/p>\n<p>Adem\u00e1s de la oferta gastron\u00f3mica, este festival tambi\u00e9n es una excelente oportunidad para disfrutar de los mejores vinos de la regi\u00f3n. Baja California se ha consolidado como una de las zonas vin\u00edcolas m\u00e1s importantes de M\u00e9xico, y durante el festival se ofrecer\u00e1n catas, maridajes y visitas a las reconocidas vin\u00edcolas de la zona. Los expertos sommeliers estar\u00e1n dispuestos a compartir su conocimiento y ayudar a los asistentes a descubrir nuevos sabores y aromas.<\/p>\n<p>Pero el Baja Culinary Fest no solo es una experiencia para el paladar, tambi\u00e9n es una celebraci\u00f3n del turismo y la cultura de Baja California. Durante el festival, se realizar\u00e1n actividades y eventos relacionados con la historia y tradiciones de la regi\u00f3n. Desde visitas a los emblem\u00e1ticos campos de cultivo y pescader\u00edas locales, hasta clases de cocina tradicional, el festival busca ofrecer a los visitantes una experiencia completa y enriquecedora.<\/p>\n<p>Sin duda, el Baja Culinary Fest es un evento que no te puedes perder si eres amante de la buena comida y del turismo de calidad. Descubrir nuevos sabores, maridar vinos exquisitos y sumergirte en la cultura local, son solo algunas de las experiencias que te esperan en este incre\u00edble festival. As\u00ed que marca las fechas en tu calendario y prep\u00e1rate para vivir una verdadera fiesta para los sentidos en Baja California.<\/p>\n<p><em> &#8221; Sources www.directoalpaladar.com.mx &#8221; <\/em><\/p>\n<p><em> &#8221; Fuentes www.directoalpaladar.com.mx &#8221; <\/em><\/p>\n","protected":false},"excerpt":{"rendered":"<p>El festival culinario m\u00e1s esperado del a\u00f1o regresa a Baja California y esta vez celebra su d\u00e9cima edici\u00f3n. El Baja Culinary Fest, un evento que enaltece lo mejor de la gastronom\u00eda, el vino y el turismo en esta hermosa regi\u00f3n de M\u00e9xico, promete sorprender a los asistentes con experiencias \u00fanicas y sabores inigualables. Durante una [&hellip;]<\/p>\n","protected":false},"author":4,"featured_media":620582,"comment_status":"open","ping_status":"closed","sticky":false,"template":"","format":"standard","meta":{"om_disable_all_campaigns":false,"jnews-multi-image_gallery":[],"jnews_single_post":[],"jnews_primary_category":[],"jnews_social_meta":[],"footnotes":""},"categories":[39],"tags":[2898,743,544,4205],"class_list":["post-620581","post","type-post","status-publish","format-standard","has-post-thumbnail","hentry","category-viajes","tag-baja-california","tag-gastronomia","tag-turismo","tag-vino"],"_links":{"self":[{"href":"https:\/\/dimensionturistica.com\/es\/wp-json\/wp\/v2\/posts\/620581","targetHints":{"allow":["GET"]}}],"collection":[{"href":"https:\/\/dimensionturistica.com\/es\/wp-json\/wp\/v2\/posts"}],"about":[{"href":"https:\/\/dimensionturistica.com\/es\/wp-json\/wp\/v2\/types\/post"}],"author":[{"embeddable":true,"href":"https:\/\/dimensionturistica.com\/es\/wp-json\/wp\/v2\/users\/4"}],"replies":[{"embeddable":true,"href":"https:\/\/dimensionturistica.com\/es\/wp-json\/wp\/v2\/comments?post=620581"}],"version-history":[{"count":0,"href":"https:\/\/dimensionturistica.com\/es\/wp-json\/wp\/v2\/posts\/620581\/revisions"}],"wp:featuredmedia":[{"embeddable":true,"href":"https:\/\/dimensionturistica.com\/es\/wp-json\/wp\/v2\/media\/620582"}],"wp:attachment":[{"href":"https:\/\/dimensionturistica.com\/es\/wp-json\/wp\/v2\/media?parent=620581"}],"wp:term":[{"taxonomy":"category","embeddable":true,"href":"https:\/\/dimensionturistica.com\/es\/wp-json\/wp\/v2\/categories?post=620581"},{"taxonomy":"post_tag","embeddable":true,"href":"https:\/\/dimensionturistica.com\/es\/wp-json\/wp\/v2\/tags?post=620581"}],"curies":[{"name":"wp","href":"https:\/\/api.w.org\/{rel}","templated":true}]}}