{"id":618843,"date":"2023-09-19T22:46:20","date_gmt":"2023-09-19T22:46:20","guid":{"rendered":"https:\/\/dimensionturistica.com\/es\/?p=618843"},"modified":"2023-09-19T22:46:20","modified_gmt":"2023-09-19T22:46:20","slug":"montes-apoya-la-reactivacion-de-los-viajes-del-imserso-pero-solicita-un-plan-financieramente-viable-espana","status":"publish","type":"post","link":"https:\/\/dimensionturistica.com\/es\/montes-apoya-la-reactivacion-de-los-viajes-del-imserso-pero-solicita-un-plan-financieramente-viable-espana\/","title":{"rendered":"Montes apoya la reactivaci\u00f3n de los viajes del Imserso pero solicita un plan &#8220;financieramente viable&#8221; &#8211; Espa\u00f1a"},"content":{"rendered":"<p>La reactivaci\u00f3n de los viajes del Imserso ha sido recibida con gran entusiasmo por parte de los amantes del turismo y los viajes. Despu\u00e9s de un largo periodo de incertidumbre debido a la pandemia de COVID-19, la posibilidad de volver a disfrutar de estas experiencias es algo que todos est\u00e1bamos esperando con ansias.<\/p>\n<p>El Imserso, Instituto de Mayores y Servicios Sociales, es conocido por ofrecer paquetes tur\u00edsticos a precios muy accesibles para las personas mayores de 60 a\u00f1os. Durante a\u00f1os, este programa ha permitido a miles de personas disfrutar de vacaciones inolvidables en diferentes destinos de Espa\u00f1a, contribuyendo as\u00ed a su bienestar y calidad de vida.<\/p>\n<p>Sin embargo, la reactivaci\u00f3n de los viajes del Imserso tambi\u00e9n plantea algunos desaf\u00edos. Como bien se\u00f1ala el Ministro de Seguridad Social, Jos\u00e9 Luis Escriv\u00e1, es necesario que este programa sea econ\u00f3micamente sostenible. Esto implica establecer un equilibrio entre ofrecer precios justos y accesibles para los viajeros, y garantizar que el programa sea financieramente viable a largo plazo.<\/p>\n<p>Una de las propuestas que se han planteado es aumentar la participaci\u00f3n de las agencias de viajes en la gesti\u00f3n de los programas del Imserso. Esto permitir\u00eda aprovechar su experiencia y conocimiento en el sector tur\u00edstico, al mismo tiempo que se podr\u00eda encontrar una soluci\u00f3n que beneficie tanto a los viajeros como a las empresas involucradas.<\/p>\n<p>La pandemia ha golpeado fuertemente al sector tur\u00edstico y ahora m\u00e1s que nunca es necesario buscar medidas que impulsen su recuperaci\u00f3n. La reactivaci\u00f3n de los viajes del Imserso podr\u00eda ser un paso importante en esta direcci\u00f3n, ya que contribuir\u00eda a reactivar la demanda y generar empleo en el sector.<\/p>\n<p>Adem\u00e1s, este programa tambi\u00e9n tiene un impacto positivo en las distintas localidades que forman parte de los destinos tur\u00edsticos del Imserso. La llegada de turistas supone un impulso econ\u00f3mico para la zona, ya que se generan ingresos en restaurantes, hoteles, comercios locales y otros servicios relacionados con el sector tur\u00edstico.<\/p>\n<p>Es fundamental que se establezcan todas las medidas necesarias para garantizar la seguridad de los viajeros. La pandemia nos ha ense\u00f1ado la importancia de ser cautelosos y cuidar de nuestra salud. Por tanto, es imprescindible que se sigan todas las recomendaciones sanitarias y se apliquen los protocolos necesarios para evitar contagios y garantizar la tranquilidad de los viajeros.<\/p>\n<p>En resumen, la reactivaci\u00f3n de los viajes del Imserso es una excelente noticia para todos los amantes del turismo y los viajes. Sin embargo, es importante que se encuentre un equilibrio entre ofrecer precios accesibles y garantizar la sostenibilidad del programa. Con las medidas adecuadas y el apoyo de todos, este programa puede convertirse en una herramienta fundamental para la recuperaci\u00f3n y reactivaci\u00f3n del sector tur\u00edstico en Espa\u00f1a. \u00a1Es hora de volver a disfrutar de unas merecidas vacaciones y descubrir los maravillosos destinos que nuestro pa\u00eds tiene para ofrecer!<\/p>\n<p><em> &#8221; Sources www.cope.es &#8221; <\/em><\/p>\n<p><em> &#8221; Fuentes www.cope.es &#8221; <\/em><\/p>\n","protected":false},"excerpt":{"rendered":"<p>La reactivaci\u00f3n de los viajes del Imserso ha sido recibida con gran entusiasmo por parte de los amantes del turismo y los viajes. Despu\u00e9s de un largo periodo de incertidumbre debido a la pandemia de COVID-19, la posibilidad de volver a disfrutar de estas experiencias es algo que todos est\u00e1bamos esperando con ansias. El Imserso, [&hellip;]<\/p>\n","protected":false},"author":4,"featured_media":618844,"comment_status":"open","ping_status":"closed","sticky":false,"template":"","format":"standard","meta":{"om_disable_all_campaigns":false,"jnews-multi-image_gallery":[],"jnews_single_post":[],"jnews_primary_category":[],"jnews_social_meta":[],"footnotes":""},"categories":[39],"tags":[10743,770,813,23921,1819,619,3177,57457,545],"class_list":["post-618843","post","type-post","status-publish","format-standard","has-post-thumbnail","hentry","category-viajes","tag-economico","tag-espana","tag-imserso","tag-montes","tag-programa","tag-reactivacion","tag-sostenible","tag-valoracion","tag-viajes"],"_links":{"self":[{"href":"https:\/\/dimensionturistica.com\/es\/wp-json\/wp\/v2\/posts\/618843","targetHints":{"allow":["GET"]}}],"collection":[{"href":"https:\/\/dimensionturistica.com\/es\/wp-json\/wp\/v2\/posts"}],"about":[{"href":"https:\/\/dimensionturistica.com\/es\/wp-json\/wp\/v2\/types\/post"}],"author":[{"embeddable":true,"href":"https:\/\/dimensionturistica.com\/es\/wp-json\/wp\/v2\/users\/4"}],"replies":[{"embeddable":true,"href":"https:\/\/dimensionturistica.com\/es\/wp-json\/wp\/v2\/comments?post=618843"}],"version-history":[{"count":0,"href":"https:\/\/dimensionturistica.com\/es\/wp-json\/wp\/v2\/posts\/618843\/revisions"}],"wp:featuredmedia":[{"embeddable":true,"href":"https:\/\/dimensionturistica.com\/es\/wp-json\/wp\/v2\/media\/618844"}],"wp:attachment":[{"href":"https:\/\/dimensionturistica.com\/es\/wp-json\/wp\/v2\/media?parent=618843"}],"wp:term":[{"taxonomy":"category","embeddable":true,"href":"https:\/\/dimensionturistica.com\/es\/wp-json\/wp\/v2\/categories?post=618843"},{"taxonomy":"post_tag","embeddable":true,"href":"https:\/\/dimensionturistica.com\/es\/wp-json\/wp\/v2\/tags?post=618843"}],"curies":[{"name":"wp","href":"https:\/\/api.w.org\/{rel}","templated":true}]}}