{"id":618443,"date":"2023-09-19T18:06:21","date_gmt":"2023-09-19T18:06:21","guid":{"rendered":"https:\/\/dimensionturistica.com\/es\/?p=618443"},"modified":"2023-09-19T18:06:21","modified_gmt":"2023-09-19T18:06:21","slug":"el-ceav-sugiere-adelantar-el-programa-del-imserso-a-epocas-previas-al-verano","status":"publish","type":"post","link":"https:\/\/dimensionturistica.com\/es\/el-ceav-sugiere-adelantar-el-programa-del-imserso-a-epocas-previas-al-verano\/","title":{"rendered":"El CEAV sugiere adelantar el programa del Imserso a &#8220;\u00e9pocas previas al verano&#8221;"},"content":{"rendered":"<p>Descubre los encantos del verano con el programa tur\u00edstico IMSERSO<\/p>\n<p>El verano est\u00e1 a la vuelta de la esquina y con \u00e9l llegan las ganas de explorar nuevos destinos. Si eres una persona mayor de 65 a\u00f1os y est\u00e1s buscando una opci\u00f3n de viaje accesible y enriquecedora, el programa tur\u00edstico del IMSERSO es la elecci\u00f3n perfecta para ti.<\/p>\n<p>El IMSERSO, un organismo dependiente del Ministerio de Derechos Sociales y Agenda 2030, lleva m\u00e1s de 30 a\u00f1os ofreciendo a los mayores la oportunidad de disfrutar de unas vacaciones inolvidables. Con una gran variedad de destinos nacionales e internacionales, esta iniciativa se ha convertido en una opci\u00f3n muy demandada por su calidad y valores competitivos.<\/p>\n<p>Uno de los mayores atractivos del programa del IMSERSO es la posibilidad de conocer diferentes lugares dentro de Espa\u00f1a. Desde paradis\u00edacas playas en las Islas Canarias hasta pintorescos pueblos de Castilla y Le\u00f3n, el abanico de opciones es amplio y diverso. Adem\u00e1s, gracias a la colaboraci\u00f3n con agencias de viaje, cada itinerario es cuidadosamente dise\u00f1ado para garantizar la m\u00e1xima comodidad y disfrute de los participantes.<\/p>\n<p>No obstante, en los \u00faltimos a\u00f1os el IMSERSO ha enfrentado algunos desaf\u00edos, como los retrasos en la adjudicaci\u00f3n de los viajes. Sin embargo, no hay que perder la confianza en esta iniciativa, ya que los responsables est\u00e1n trabajando para mejorar estos aspectos y asegurar una experiencia tur\u00edstica inolvidable para todos los participantes.<\/p>\n<p>La pandemia de COVID-19 tambi\u00e9n ha tenido un impacto en el programa del IMSERSO, siendo necesario adaptarse a las nuevas circunstancias y garantizar la seguridad de los viajeros. Se han implementado medidas sanitarias estrictas, como la reducci\u00f3n de la capacidad de los hoteles, el distanciamiento social y la obligaci\u00f3n de llevar mascarillas en todo momento.<\/p>\n<p>A pesar de estos contratiempos, el programa del IMSERSO sigue siendo una oportunidad \u00fanica para vivir nuevas experiencias y crecer personalmente. Adem\u00e1s de disfrutar de paisajes incre\u00edbles y lugares hist\u00f3ricos, los participantes tienen la oportunidad de establecer nuevas amistades y expandir su horizonte cultural.<\/p>\n<p>Si est\u00e1s pensando en embarcarte en una aventura veraniega llena de descubrimientos y diversi\u00f3n, no dudes en considerar el programa tur\u00edstico del IMSERSO. Con su amplia gama de destinos y actividades, esta opci\u00f3n es perfecta para aquellos que buscan disfrutar de unas vacaciones inolvidables sin descuidar su comodidad y seguridad.<\/p>\n<p>Este verano, deja que el programa del IMSERSO te transporte a rincones maravillosos y te brinde la oportunidad de crear recuerdos imborrables. \u00a1No pierdas la oportunidad de vivir al m\u00e1ximo y descubrir los encantos de este hermoso pa\u00eds junto a otras personas con tus mismos intereses y pasiones!<\/p>\n<p>En resumen, el programa tur\u00edstico del IMSERSO es una opci\u00f3n perfecta para las personas mayores de 65 a\u00f1os que desean aprovechar al m\u00e1ximo sus vacaciones de verano. A pesar de algunos desaf\u00edos recientes, este programa ofrece una gran variedad de destinos y actividades, garantizando una experiencia \u00fanica y enriquecedora. \u00a1No lo pienses m\u00e1s y emb\u00e1rcate en esta aventura con el IMSERSO!<\/p>\n<p><em> &#8221; Sources www.tourinews.es &#8221; <\/em><\/p>\n<p><em> &#8221; Sources www.tourinews.es &#8221; <\/em><\/p>\n","protected":false},"excerpt":{"rendered":"<p>Descubre los encantos del verano con el programa tur\u00edstico IMSERSO El verano est\u00e1 a la vuelta de la esquina y con \u00e9l llegan las ganas de explorar nuevos destinos. Si eres una persona mayor de 65 a\u00f1os y est\u00e1s buscando una opci\u00f3n de viaje accesible y enriquecedora, el programa tur\u00edstico del IMSERSO es la elecci\u00f3n [&hellip;]<\/p>\n","protected":false},"author":4,"featured_media":618444,"comment_status":"open","ping_status":"closed","sticky":false,"template":"","format":"standard","meta":{"om_disable_all_campaigns":false,"jnews-multi-image_gallery":[],"jnews_single_post":[],"jnews_primary_category":[],"jnews_social_meta":[],"footnotes":""},"categories":[40],"tags":[1230,813,2873],"class_list":["post-618443","post","type-post","status-publish","format-standard","has-post-thumbnail","hentry","category-industria","tag-ceav","tag-imserso","tag-verano"],"_links":{"self":[{"href":"https:\/\/dimensionturistica.com\/es\/wp-json\/wp\/v2\/posts\/618443","targetHints":{"allow":["GET"]}}],"collection":[{"href":"https:\/\/dimensionturistica.com\/es\/wp-json\/wp\/v2\/posts"}],"about":[{"href":"https:\/\/dimensionturistica.com\/es\/wp-json\/wp\/v2\/types\/post"}],"author":[{"embeddable":true,"href":"https:\/\/dimensionturistica.com\/es\/wp-json\/wp\/v2\/users\/4"}],"replies":[{"embeddable":true,"href":"https:\/\/dimensionturistica.com\/es\/wp-json\/wp\/v2\/comments?post=618443"}],"version-history":[{"count":0,"href":"https:\/\/dimensionturistica.com\/es\/wp-json\/wp\/v2\/posts\/618443\/revisions"}],"wp:featuredmedia":[{"embeddable":true,"href":"https:\/\/dimensionturistica.com\/es\/wp-json\/wp\/v2\/media\/618444"}],"wp:attachment":[{"href":"https:\/\/dimensionturistica.com\/es\/wp-json\/wp\/v2\/media?parent=618443"}],"wp:term":[{"taxonomy":"category","embeddable":true,"href":"https:\/\/dimensionturistica.com\/es\/wp-json\/wp\/v2\/categories?post=618443"},{"taxonomy":"post_tag","embeddable":true,"href":"https:\/\/dimensionturistica.com\/es\/wp-json\/wp\/v2\/tags?post=618443"}],"curies":[{"name":"wp","href":"https:\/\/api.w.org\/{rel}","templated":true}]}}