{"id":618425,"date":"2023-09-19T17:52:05","date_gmt":"2023-09-19T17:52:05","guid":{"rendered":"https:\/\/dimensionturistica.com\/es\/?p=618425"},"modified":"2023-09-19T17:52:05","modified_gmt":"2023-09-19T17:52:05","slug":"montes-ve-positiva-la-reanudacion-de-los-viajes-del-imserso-pero-solicita-un-programa-de-viajes-financieramente-viable","status":"publish","type":"post","link":"https:\/\/dimensionturistica.com\/es\/montes-ve-positiva-la-reanudacion-de-los-viajes-del-imserso-pero-solicita-un-programa-de-viajes-financieramente-viable\/","title":{"rendered":"Montes ve positiva la reanudaci\u00f3n de los viajes del Imserso pero solicita un programa de viajes &#8220;financieramente viable&#8221;"},"content":{"rendered":"<p>La reactivaci\u00f3n de los viajes del programa del Imserso es una excelente noticia para los amantes del turismo en Espa\u00f1a. El sector, duramente golpeado por la crisis sanitaria, ve con optimismo la posibilidad de una pronta recuperaci\u00f3n gracias a esta iniciativa.<\/p>\n<p>El presidente de la Generalitat Valenciana, Ximo Puig, ha manifestado su apoyo a la reactivaci\u00f3n de este programa de turismo para mayores. Sin embargo, ha hecho hincapi\u00e9 en la necesidad de que el programa sea econ\u00f3micamente sostenible. Esta es una petici\u00f3n acertada, ya que no solo se trata de impulsar el turismo, sino de hacerlo de manera responsable y consciente.<\/p>\n<p>El programa del Imserso ha sido una gran herramienta para fomentar el turismo nacional, especialmente entre los m\u00e1s mayores. Miles de personas han tenido la oportunidad de disfrutar de experiencias \u00fanicas en diferentes destinos de nuestra geograf\u00eda. Adem\u00e1s, ha sido una fuente de empleo importante para muchas empresas del sector tur\u00edstico.<\/p>\n<p>Sin embargo, es necesario encontrar un equilibrio entre la reactivaci\u00f3n del programa y la viabilidad econ\u00f3mica del mismo. En los \u00faltimos a\u00f1os, hemos sido testigos de los desaf\u00edos que ha enfrentado el sistema de pensiones en nuestro pa\u00eds, y es importante asegurar que los recursos destinados a este programa no comprometan la sostenibilidad del sistema.<\/p>\n<p>Es necesario buscar soluciones que permitan mantener el programa del Imserso de manera sostenible, sin renunciar a su importancia en el desarrollo del turismo en Espa\u00f1a. La colaboraci\u00f3n entre las diferentes administraciones y los agentes privados es fundamental para encontrar v\u00edas de financiaci\u00f3n que no afecten negativamente a la calidad de los servicios ofrecidos.<\/p>\n<p>Adem\u00e1s, es importante destacar que el programa del Imserso ha sido una fuente de ingresos clave para muchas localidades tur\u00edsticas, especialmente en \u00e9pocas de temporada baja. La reactivaci\u00f3n de este programa no solo beneficiar\u00e1 a los viajeros, sino tambi\u00e9n a los destinos tur\u00edsticos que han estado esperando con ansias la vuelta de los turistas.<\/p>\n<p>En definitiva, la reactivaci\u00f3n de los viajes del programa del Imserso es una excelente noticia para el sector tur\u00edstico espa\u00f1ol. Sin embargo, es necesario abordar este tema desde una perspectiva global, asegurando la sostenibilidad econ\u00f3mica del programa sin renunciar a su importancia para el turismo nacional. Solo de esta manera podremos continuar disfrutando de la magia de viajar y descubrir nuevos destinos en nuestro propio pa\u00eds.<\/p>\n<p><em> &#8221; Sources www.europapress.es &#8221; <\/em><\/p>\n<p><em> &#8221; Fuentes www.europapress.es &#8221; <\/em><\/p>\n","protected":false},"excerpt":{"rendered":"<p>La reactivaci\u00f3n de los viajes del programa del Imserso es una excelente noticia para los amantes del turismo en Espa\u00f1a. El sector, duramente golpeado por la crisis sanitaria, ve con optimismo la posibilidad de una pronta recuperaci\u00f3n gracias a esta iniciativa. El presidente de la Generalitat Valenciana, Ximo Puig, ha manifestado su apoyo a la [&hellip;]<\/p>\n","protected":false},"author":4,"featured_media":618426,"comment_status":"open","ping_status":"closed","sticky":false,"template":"","format":"standard","meta":{"om_disable_all_campaigns":false,"jnews-multi-image_gallery":[],"jnews_single_post":[],"jnews_primary_category":[],"jnews_social_meta":[],"footnotes":""},"categories":[39],"tags":[93910,813,23921,1819,619,545],"class_list":["post-618425","post","type-post","status-publish","format-standard","has-post-thumbnail","hentry","category-viajes","tag-economicamente-sostenible","tag-imserso","tag-montes","tag-programa","tag-reactivacion","tag-viajes"],"_links":{"self":[{"href":"https:\/\/dimensionturistica.com\/es\/wp-json\/wp\/v2\/posts\/618425","targetHints":{"allow":["GET"]}}],"collection":[{"href":"https:\/\/dimensionturistica.com\/es\/wp-json\/wp\/v2\/posts"}],"about":[{"href":"https:\/\/dimensionturistica.com\/es\/wp-json\/wp\/v2\/types\/post"}],"author":[{"embeddable":true,"href":"https:\/\/dimensionturistica.com\/es\/wp-json\/wp\/v2\/users\/4"}],"replies":[{"embeddable":true,"href":"https:\/\/dimensionturistica.com\/es\/wp-json\/wp\/v2\/comments?post=618425"}],"version-history":[{"count":0,"href":"https:\/\/dimensionturistica.com\/es\/wp-json\/wp\/v2\/posts\/618425\/revisions"}],"wp:featuredmedia":[{"embeddable":true,"href":"https:\/\/dimensionturistica.com\/es\/wp-json\/wp\/v2\/media\/618426"}],"wp:attachment":[{"href":"https:\/\/dimensionturistica.com\/es\/wp-json\/wp\/v2\/media?parent=618425"}],"wp:term":[{"taxonomy":"category","embeddable":true,"href":"https:\/\/dimensionturistica.com\/es\/wp-json\/wp\/v2\/categories?post=618425"},{"taxonomy":"post_tag","embeddable":true,"href":"https:\/\/dimensionturistica.com\/es\/wp-json\/wp\/v2\/tags?post=618425"}],"curies":[{"name":"wp","href":"https:\/\/api.w.org\/{rel}","templated":true}]}}