{"id":618416,"date":"2023-09-19T17:46:17","date_gmt":"2023-09-19T17:46:17","guid":{"rendered":"https:\/\/dimensionturistica.com\/es\/?p=618416"},"modified":"2023-09-19T17:46:17","modified_gmt":"2023-09-19T17:46:17","slug":"el-cambio-de-planes-para-el-inicio-de-los-viajes-del-imserso-en-octubre","status":"publish","type":"post","link":"https:\/\/dimensionturistica.com\/es\/el-cambio-de-planes-para-el-inicio-de-los-viajes-del-imserso-en-octubre\/","title":{"rendered":"El cambio de planes para el inicio de los viajes del Imserso en octubre"},"content":{"rendered":"<p>Descubra la emoci\u00f3n de viajar: \u00a1los viajes del Imserso est\u00e1n de regreso!<\/p>\n<p>El mundo del turismo ha sido tocado por la emoci\u00f3n del regreso de los esperados viajes del Imserso. Despu\u00e9s de meses de incertidumbre debido a la pandemia global, el programa de turismo social m\u00e1s querido de Espa\u00f1a ha anunciado su nueva fecha de inicio en octubre. \u00a1Prep\u00e1rese para desempacar sus maletas y disfrutar de unas vacaciones inolvidables!<\/p>\n<p>El Instituto de Mayores y Servicios Sociales (Imserso) ha confirmado que, tras un extenso trabajo de planificaci\u00f3n y garantizando la seguridad de todos los participantes, los viajes se reanudar\u00e1n en la temporada de oto\u00f1o. Este anuncio ha generado una gran expectaci\u00f3n entre los amantes de los viajes, quienes esperaban ansiosos el momento de volver a explorar nuevos destinos y disfrutar de unas merecidas vacaciones.<\/p>\n<p>La nueva fecha de inicio en octubre promete una amplia gama de destinos fascinantes para elegir. Ya sea que prefiera las hermosas playas de la Costa del Sol, el encanto hist\u00f3rico de las ciudades andaluzas o la cultura vibrante de Madrid, encontrar\u00e1 el destino perfecto para satisfacer sus deseos de viajar.<\/p>\n<p>Adem\u00e1s de la elecci\u00f3n de destinos, otra gran noticia es la inclusi\u00f3n de nuevos servicios y actividades en los paquetes de viaje. El Imserso ha trabajado arduamente para enriquecer la experiencia de los viajeros, brind\u00e1ndoles oportunidades para explorar la historia y la cultura local, participar en actividades emocionantes y disfrutar de una amplia gama de servicios adicionales.<\/p>\n<p>La seguridad de los viajeros es una prioridad absoluta. El Imserso ha establecido rigurosos protocolos de salud y seguridad en colaboraci\u00f3n con los principales expertos y autoridades sanitarias. Desde la desinfecci\u00f3n regular de los hoteles hasta la garant\u00eda de distanciamiento social y el uso obligatorio de mascarillas, todas las medidas necesarias se aplicar\u00e1n para garantizar que su viaje sea seguro y sin preocupaciones.<\/p>\n<p>Esta noticia representa un rayo de esperanza para todos aquellos que han esperado ansiosamente volver a disfrutar de las maravillas del turismo. Los viajes del Imserso no solo brindan una oportunidad para expandir horizontes y descubrir nuevos destinos, sino que tambi\u00e9n permiten la creaci\u00f3n de recuerdos inolvidables y la posibilidad de hacer nuevas amistades.<\/p>\n<p>Si ha so\u00f1ado con aventurarse en nuevos entornos, conocer personas interesantes y experimentar la belleza de diferentes culturas, los viajes del Imserso son su boleto hacia un mundo de posibilidades. Desde impresionantes paisajes naturales hasta tesoros hist\u00f3ricos, pasando por una rica vida nocturna y exquisita gastronom\u00eda, Espa\u00f1a tiene todo lo que necesita para brindarle una experiencia de viaje \u00fanica.<\/p>\n<p>As\u00ed que, si est\u00e1 buscando una escapada que le proporcione una mezcla perfecta de relajaci\u00f3n, diversi\u00f3n y descubrimiento, no busque m\u00e1s. Los viajes del Imserso en octubre est\u00e1n a punto de despegar y usted puede ser parte de esta aventura extraordinaria. Prep\u00e1rese para vivir momentos \u00fanicos y emocionantes, \u00a1reserve sus vacaciones ahora y d\u00e9jese llevar por la magia de viajar!<\/p>\n<p><em> &#8221; Sources as.com &#8221; <\/em><\/p>\n<p><em> &#8221; Fuentes as.com &#8221; <\/em><\/p>\n","protected":false},"excerpt":{"rendered":"<p>Descubra la emoci\u00f3n de viajar: \u00a1los viajes del Imserso est\u00e1n de regreso! El mundo del turismo ha sido tocado por la emoci\u00f3n del regreso de los esperados viajes del Imserso. Despu\u00e9s de meses de incertidumbre debido a la pandemia global, el programa de turismo social m\u00e1s querido de Espa\u00f1a ha anunciado su nueva fecha de [&hellip;]<\/p>\n","protected":false},"author":4,"featured_media":618417,"comment_status":"open","ping_status":"closed","sticky":false,"template":"","format":"standard","meta":{"om_disable_all_campaigns":false,"jnews-multi-image_gallery":[],"jnews_single_post":[],"jnews_primary_category":[],"jnews_social_meta":[],"footnotes":""},"categories":[39],"tags":[813,93906,545],"class_list":["post-618416","post","type-post","status-publish","format-standard","has-post-thumbnail","hentry","category-viajes","tag-imserso","tag-la-nueva-fecha-de-octubre","tag-viajes"],"_links":{"self":[{"href":"https:\/\/dimensionturistica.com\/es\/wp-json\/wp\/v2\/posts\/618416","targetHints":{"allow":["GET"]}}],"collection":[{"href":"https:\/\/dimensionturistica.com\/es\/wp-json\/wp\/v2\/posts"}],"about":[{"href":"https:\/\/dimensionturistica.com\/es\/wp-json\/wp\/v2\/types\/post"}],"author":[{"embeddable":true,"href":"https:\/\/dimensionturistica.com\/es\/wp-json\/wp\/v2\/users\/4"}],"replies":[{"embeddable":true,"href":"https:\/\/dimensionturistica.com\/es\/wp-json\/wp\/v2\/comments?post=618416"}],"version-history":[{"count":0,"href":"https:\/\/dimensionturistica.com\/es\/wp-json\/wp\/v2\/posts\/618416\/revisions"}],"wp:featuredmedia":[{"embeddable":true,"href":"https:\/\/dimensionturistica.com\/es\/wp-json\/wp\/v2\/media\/618417"}],"wp:attachment":[{"href":"https:\/\/dimensionturistica.com\/es\/wp-json\/wp\/v2\/media?parent=618416"}],"wp:term":[{"taxonomy":"category","embeddable":true,"href":"https:\/\/dimensionturistica.com\/es\/wp-json\/wp\/v2\/categories?post=618416"},{"taxonomy":"post_tag","embeddable":true,"href":"https:\/\/dimensionturistica.com\/es\/wp-json\/wp\/v2\/tags?post=618416"}],"curies":[{"name":"wp","href":"https:\/\/api.w.org\/{rel}","templated":true}]}}