{"id":617478,"date":"2023-09-10T17:54:09","date_gmt":"2023-09-10T17:54:09","guid":{"rendered":"https:\/\/dimensionturistica.com\/es\/?p=617478"},"modified":"2024-02-29T17:14:43","modified_gmt":"2024-02-29T17:14:43","slug":"la-canirac-celebro-los-32-anos-del-premio-al-merito-restaurantero","status":"publish","type":"post","link":"https:\/\/dimensionturistica.com\/es\/la-canirac-celebro-los-32-anos-del-premio-al-merito-restaurantero\/","title":{"rendered":"La Canirac celebro los 32 a\u00f1os del Premio al M\u00e9rito Restaurantero"},"content":{"rendered":"<p>Desde hace 32 a\u00f1os, la C\u00e1mara Nacional de la Industria de Restaurantes y Alimentos Condimentados, CANIRAC, otorga el Premio al M\u00e9rito Restaurantero, el galard\u00f3n de m\u00e1salto reconocimiento para el sector gastron\u00f3mico, que reconoce a aquellas personas y restaurantes que destacan por enaltecer a la industria con<img decoding=\"async\" class=\"size-medium wp-image-617488 alignright\" src=\"https:\/\/dimensionturistica.com\/es\/wp-content\/uploads\/2023\/09\/11CANIRAC-300x200.jpg\" alt=\"\" width=\"300\" height=\"200\" srcset=\"https:\/\/dimensionturistica.com\/es\/wp-content\/uploads\/2023\/09\/11CANIRAC-300x200.jpg 300w, https:\/\/dimensionturistica.com\/es\/wp-content\/uploads\/2023\/09\/11CANIRAC.jpg 600w\" sizes=\"(max-width: 300px) 100vw, 300px\" \/> su creatividad, liderazgo, servicio y excelencia culinaria.<br \/>\nLa 32a entrega de este reconocimiento, celebrada en el Claustro de Sor Juana el pasado 31 de agosto, se llev\u00f3 a cabo en el marco de la conmemoraci\u00f3n por el 65 Aniversario de la CANIRAC. Durante el evento se reconoci\u00f3 la fortaleza del sector y las historias detr\u00e1s de los ganadores que son fuente de inspiraci\u00f3n, superaci\u00f3n, transformaci\u00f3n, disciplina, valent\u00eda y \u00e9xito porque han perdurado en el tiempo y motivan a otros a trazar su propio camino en la industria restaurantera.<br \/>\n\u201cLa edici\u00f3n del Premio al M\u00e9rito Restaurantero de este a\u00f1o cobra mayor relevancia porque se une con los 65 a\u00f1os de la CANIRAC, organismo que tambi\u00e9n se ha transformado, preservando en su ra\u00edz el objetivo de hacer m\u00e1s fuerte a nuestra industria. Una ra\u00edz que proviene del campo, de la tierra, de la semilla que se transforma en un producto para dar paso a un platillo \u00fanico, que genera millones de empleos a nivel nacional y en la que interviene una amplia cadena de producci\u00f3n\u201d se\u00f1al\u00f3 Germ\u00e1n Gonz\u00e1lez Bernal, Presidente Nacional de la<img decoding=\"async\" class=\"size-medium wp-image-617487 alignright\" src=\"https:\/\/dimensionturistica.com\/es\/wp-content\/uploads\/2023\/09\/10CANIRAC-300x200.jpg\" alt=\"\" width=\"300\" height=\"200\" srcset=\"https:\/\/dimensionturistica.com\/es\/wp-content\/uploads\/2023\/09\/10CANIRAC-300x200.jpg 300w, https:\/\/dimensionturistica.com\/es\/wp-content\/uploads\/2023\/09\/10CANIRAC.jpg 600w\" sizes=\"(max-width: 300px) 100vw, 300px\" \/> CANIRAC.<br \/>\nDurante estas tres d\u00e9cadas, el Premio se ha reconocido a m\u00e1s de 250 restaurantes, chefs y empresarios restauranteros. En esta edici\u00f3n, conducida por los Chefs Zahie T\u00e9llez y Mikel Alonso, la ceremonia cont\u00f3 con un total de 17 categor\u00edas e integr\u00f3 el reconocimiento especial \u201cA la Trayectoria de Servicio\u201d, a trav\u00e9s del cual se hizo entrega de una medalla a 11 colaboradores del sector quienes cuentan con m\u00e1s de 25 a\u00f1os de trayectoria laborando en el mismo restaurante o grupo restaurantero.<br \/>\nLos ganadores de cada categor\u00eda recibieron una escultura de dise\u00f1o \u00fanico, creada por el artista mexicano Miguel Michel, la cual representa la unidad que conforma a la industriarestaurantera en la que convergen empresarios, colaboradores, chefs, proveedores y clientes.<br \/>\n\u201cDesde hace 20 a\u00f1os que tengo el honor de presidir este galard\u00f3n, mi responsabilidad y compromiso ha sido salvaguardar al Premio, la transparencia de cada proceso, la estricta disciplina en las votaciones y la seriedad que nos merece este evento. Me llena de orgullo ver c\u00f3mo las generaciones que sentaron las bases de la<img decoding=\"async\" class=\"size-medium wp-image-617486 alignright\" src=\"https:\/\/dimensionturistica.com\/es\/wp-content\/uploads\/2023\/09\/8CANIRAC-300x200.jpg\" alt=\"\" width=\"300\" height=\"200\" srcset=\"https:\/\/dimensionturistica.com\/es\/wp-content\/uploads\/2023\/09\/8CANIRAC-300x200.jpg 300w, https:\/\/dimensionturistica.com\/es\/wp-content\/uploads\/2023\/09\/8CANIRAC.jpg 600w\" sizes=\"(max-width: 300px) 100vw, 300px\" \/> industria se mezclan con los nuevos emprendedores que con ideas innovadoras logran imprimirle modernidad y dinamismo a nuestro sector\u201d coment\u00f3 Francisco Mijares, Presidente del Premio al M\u00e9rito Restaurantero.<br \/>\nLos ganadores de la Edici\u00f3n 2023 del Premio al M\u00e9rito Restaurantero, son:<br \/>\n1. &#8220;JOS\u00c9 IN\u00c9S LOREDO &#8211; A LA COCINA MEXICANA&#8221; Mexko, (Tlaxcala)<br \/>\n2. &#8220;MAR\u00cdA AGUIRRE DE ARROYO &#8211; A LA PRESERVACI\u00d3N, CONOCIMIENTO Y PROMOCI\u00d3N DE LA GASTRONOM\u00cdA MEXICANA&#8221; La Gran Fama, (Puebla)<br \/>\n3. &#8220;A LA COCINERA TRADICIONAL DEL A\u00d1O&#8221;, categor\u00eda presentada por Cerveza Victoria: Nelly C\u00f3rdova Morillo, Cocina Chontal, (Tabasco)<br \/>\n4. &#8220;A LA CHEF O EL CHEF REPOSTERO DEL A\u00d1O&#8221; categor\u00eda presentada por Mar\u00edas Gamesa: Mar\u00eda Teresa Cazola Bravo, Pasteler\u00eda Tere Cazola, (M\u00e9rida, Yucat\u00e1n)<br \/>\n5. &#8220;CARLOS ANDERSON &#8211; A LA INNOVACI\u00d3N RESTAURANTERA&#8221; Tenc\u00fci, (Ciudad de M\u00e9xico)<br \/>\n6. &#8220;C\u00c9SAR BALSA &#8211; AL RESTAURANTE DE HOTELES&#8221; Comal, Chileno Bay Resort &amp; Residences, (Los Cabos, BCS)<br \/>\n7. &#8220;ANTONIO ARIZA CA\u00d1ADILLA \u2013 A LA COMIDA DE ESPECIALIDADES EXTRANJERAS&#8221; Hunan, (Ciudad de<img decoding=\"async\" class=\"size-medium wp-image-617484 alignright\" src=\"https:\/\/dimensionturistica.com\/es\/wp-content\/uploads\/2023\/09\/6CANIRAC-300x200.jpg\" alt=\"\" width=\"300\" height=\"200\" srcset=\"https:\/\/dimensionturistica.com\/es\/wp-content\/uploads\/2023\/09\/6CANIRAC-300x200.jpg 300w, https:\/\/dimensionturistica.com\/es\/wp-content\/uploads\/2023\/09\/6CANIRAC.jpg 600w\" sizes=\"(max-width: 300px) 100vw, 300px\" \/> M\u00e9xico)<br \/>\n8. &#8220;NEMESIO DIEZ RIEGA &#8211; A LA PERSONA JOVEN EMPRENDEDORA DEL A\u00d1O\u201d Jos\u00e9 Luis Bezaury, Antonio de Vilches, Jos\u00e9 Islas y Antonio Amezaga, Cancino, (Ciudad de M\u00e9xico)<br \/>\n9. \u201cAL COMPROMISO CON LA SUSTENTABILIDAD Y UN M\u00c9XICO VERDE\u201d, categor\u00eda presentada por Industria Mexicana de Coca Cola: Los Trompos, (M\u00e9rida, Yucat\u00e1n)<br \/>\n10. \u201cA LA O EL MIX\u00d3LOGO DEL A\u00d1O\u201d, categor\u00eda presentada por DIAGEO: Jos\u00e9 Luis Le\u00f3n Mart\u00ednez, Licorer\u00eda Limantour, (Ciudad de M\u00e9xico)<br \/>\n11. \u201cA LA O EL SOMMELIER DEL A\u00d1O\u201d, categor\u00eda presentada por Consejo Mexicano Vitivin\u00edcola: Georgina Guadalupe, Salazar Caba\u00f1as, Corporativo CMR, (Ciudad de M\u00e9xico)<img decoding=\"async\" class=\"size-medium wp-image-617483 alignright\" src=\"https:\/\/dimensionturistica.com\/es\/wp-content\/uploads\/2023\/09\/5CANIRAC-300x200.jpg\" alt=\"\" width=\"300\" height=\"200\" srcset=\"https:\/\/dimensionturistica.com\/es\/wp-content\/uploads\/2023\/09\/5CANIRAC-300x200.jpg 300w, https:\/\/dimensionturistica.com\/es\/wp-content\/uploads\/2023\/09\/5CANIRAC.jpg 600w\" sizes=\"(max-width: 300px) 100vw, 300px\" \/><br \/>\n12. \u201cA LA O EL BARISTA DEL A\u00d1O\u201d Carlos Antonio Ju\u00e1rez Cano, Impetus Casa Tostadora de Caf\u00e9, (Veracruz)<br \/>\n13. &#8220;GUENTHER MAURACHER REICH &#8211; A LA DIRECTORA O EL DIRECTOR DE CADENASDEL A\u00d1O&#8221; Braulio Arsuaga Losada, Grupo Presidente<br \/>\n14. &#8220;A LA CHEF O EL CHEF MEXICANO DESTACADO EN EL EXTRANJERO&#8221;, categor\u00eda presentada por American Express: Chef Karime L\u00f3pez, Gucci Osteria, (Florencia, Italia)<br \/>\n15. &#8220;A LA CHEF O AL CHEF JOVEN DEL A\u00d1O&#8221;, categor\u00eda presentada por Uber Eats: Chef Andrea Liz\u00e1rraga Osuna, Nao Kitchen Bar, (Mazatl\u00e1n, Sinaloa)<br \/>\n16. &#8220;A LA CHEF O AL CHEF DEL A\u00d1O&#8221; Chef Jonat\u00e1n G\u00f3mez Luna Torres, Le Chique, (Riviera Maya, Quintana Roo)<br \/>\n17. &#8220;AL M\u00c9RITO EMPRESARIAL RESTAURANTERO DEL A\u00d1O&#8221; Marco Antonio Campos Parad\u00e1n, La Casa de To\u00f1o, (Ciudad de M\u00e9xico)<\/p>\n","protected":false},"excerpt":{"rendered":"<p>Desde hace 32 a\u00f1os, la C\u00e1mara Nacional de la Industria de Restaurantes y Alimentos Condimentados, CANIRAC, otorga el Premio al M\u00e9rito Restaurantero, el galard\u00f3n de m\u00e1salto reconocimiento para el sector gastron\u00f3mico, que reconoce a aquellas personas y restaurantes que destacan por enaltecer a la industria con su creatividad, liderazgo, servicio y excelencia culinaria. La 32a [&hellip;]<\/p>\n","protected":false},"author":1,"featured_media":617485,"comment_status":"open","ping_status":"closed","sticky":false,"template":"","format":"standard","meta":{"om_disable_all_campaigns":false,"jnews-multi-image_gallery":[],"jnews_single_post":{"source_name":"","source_url":"","via_name":"","via_url":"","override_template":"0","override":[{"template":"1","single_blog_custom":"","parallax":"1","fullscreen":"1","layout":"right-sidebar","sidebar":"default-sidebar","second_sidebar":"default-sidebar","sticky_sidebar":"1","share_position":"top","share_float_style":"share-monocrhome","show_share_counter":"1","show_view_counter":"1","show_featured":"1","show_post_meta":"1","show_post_author":"1","show_post_author_image":"1","show_post_date":"1","post_date_format":"default","post_date_format_custom":"Y\/m\/d","show_post_category":"1","show_post_reading_time":"0","post_reading_time_wpm":"300","show_zoom_button":"0","zoom_button_out_step":"2","zoom_button_in_step":"3","show_post_tag":"1","show_prev_next_post":"1","show_popup_post":"1","number_popup_post":"1","show_author_box":"0","show_post_related":"0","show_inline_post_related":"0"}],"override_image_size":"0","image_override":[{"single_post_thumbnail_size":"crop-500","single_post_gallery_size":"crop-500"}],"trending_post":"0","trending_post_position":"meta","trending_post_label":"Trending","sponsored_post":"0","sponsored_post_label":"Sponsored by","sponsored_post_name":"","sponsored_post_url":"","sponsored_post_logo_enable":"0","sponsored_post_logo":"","sponsored_post_desc":"","disable_ad":"0"},"jnews_primary_category":{"id":"","hide":""},"jnews_social_meta":{"fb_title":"","fb_description":"","fb_image":"","twitter_title":"","twitter_description":"","twitter_image":""},"footnotes":""},"categories":[144872,43],"tags":[],"class_list":["post-617478","post","type-post","status-publish","format-standard","has-post-thumbnail","hentry","category-fashion","category-gourmet"],"_links":{"self":[{"href":"https:\/\/dimensionturistica.com\/es\/wp-json\/wp\/v2\/posts\/617478","targetHints":{"allow":["GET"]}}],"collection":[{"href":"https:\/\/dimensionturistica.com\/es\/wp-json\/wp\/v2\/posts"}],"about":[{"href":"https:\/\/dimensionturistica.com\/es\/wp-json\/wp\/v2\/types\/post"}],"author":[{"embeddable":true,"href":"https:\/\/dimensionturistica.com\/es\/wp-json\/wp\/v2\/users\/1"}],"replies":[{"embeddable":true,"href":"https:\/\/dimensionturistica.com\/es\/wp-json\/wp\/v2\/comments?post=617478"}],"version-history":[{"count":0,"href":"https:\/\/dimensionturistica.com\/es\/wp-json\/wp\/v2\/posts\/617478\/revisions"}],"wp:featuredmedia":[{"embeddable":true,"href":"https:\/\/dimensionturistica.com\/es\/wp-json\/wp\/v2\/media\/617485"}],"wp:attachment":[{"href":"https:\/\/dimensionturistica.com\/es\/wp-json\/wp\/v2\/media?parent=617478"}],"wp:term":[{"taxonomy":"category","embeddable":true,"href":"https:\/\/dimensionturistica.com\/es\/wp-json\/wp\/v2\/categories?post=617478"},{"taxonomy":"post_tag","embeddable":true,"href":"https:\/\/dimensionturistica.com\/es\/wp-json\/wp\/v2\/tags?post=617478"}],"curies":[{"name":"wp","href":"https:\/\/api.w.org\/{rel}","templated":true}]}}