{"id":616982,"date":"2023-09-05T19:25:03","date_gmt":"2023-09-05T19:25:03","guid":{"rendered":"https:\/\/dimensionturistica.com\/es\/?p=616982"},"modified":"2023-09-05T19:25:03","modified_gmt":"2023-09-05T19:25:03","slug":"un-periodista-con-una-limitacion-visual-importante-desarrolla-una-plataforma-de-viajes-adaptada-para-personas-con-discapacidad-pionero-en-informacion-de-inclusion","status":"publish","type":"post","link":"https:\/\/dimensionturistica.com\/es\/un-periodista-con-una-limitacion-visual-importante-desarrolla-una-plataforma-de-viajes-adaptada-para-personas-con-discapacidad-pionero-en-informacion-de-inclusion\/","title":{"rendered":"Un periodista con una limitaci\u00f3n visual importante desarrolla una plataforma de viajes adaptada para personas con discapacidad | Pionero en Informaci\u00f3n de Inclusi\u00f3n"},"content":{"rendered":"<p>Viajar es uno de los mayores placeres que podemos experimentar como seres humanos. Conocer nuevos lugares, culturas, paisajes y personas nos enriquece y nos permite salir de nuestra rutina diaria. Sin embargo, para las personas con discapacidad, este acto de exploraci\u00f3n y descubrimiento puede presentar desaf\u00edos adicionales. Es por eso que hoy quiero compartirles una historia inspiradora sobre una periodista con deficiencia visual severa que ha creado una p\u00e1gina web de viajes especialmente dise\u00f1ada para personas con discapacidad.<\/p>\n<p>Esta joven periodista, cuyo nombre no mencionaremos por respeto a su privacidad, comprende de primera mano las barreras y dificultades a las que se enfrentan las personas con discapacidad al viajar. A pesar de su propia incapacidad visual, esta talentosa escritora decidi\u00f3 hacer algo al respecto y utilizar sus habilidades y conocimientos para ayudar a otras personas en situaciones similares.<\/p>\n<p>La p\u00e1gina web, cuyo nombre no revelaremos por respeto a la autora, se ha convertido en una referencia para todas esas personas que desean explorar el mundo sin importar sus limitaciones f\u00edsicas. El sitio ofrece una amplia gama de recursos y consejos pr\u00e1cticos para que las personas con discapacidad puedan planificar y disfrutar de sus viajes de la mejor manera posible.<\/p>\n<p>Desde informaci\u00f3n sobre destinos accesibles, hasta recomendaciones de alojamiento y transporte adaptado, esta p\u00e1gina web se ha convertido en una herramienta indispensable para cualquier persona con discapacidad que desee aventurarse m\u00e1s all\u00e1 de sus fronteras. Adem\u00e1s, la autora ha incluido secciones dedicadas espec\u00edficamente a diferentes tipos de discapacidades, como problemas de movilidad o dificultades visuales, brindando consejos y soluciones personalizadas para cada caso.<\/p>\n<p>Pero lo m\u00e1s destacable de esta historia es el enfoque inclusivo y emp\u00e1tico que la autora ha adoptado en su p\u00e1gina web. Ella comprende que cada persona tiene sus propias necesidades y limitaciones, y su objetivo principal es garantizar que todos puedan disfrutar de sus viajes sin obst\u00e1culos ni limitaciones. Es por eso que la p\u00e1gina web tambi\u00e9n incluye testimonios y experiencias de otras personas con discapacidad que han viajado exitosamente, inspirando as\u00ed a otros a perseguir sus sue\u00f1os y superar cualquier obst\u00e1culo que se les presente.<\/p>\n<p>Adem\u00e1s de brindar informaci\u00f3n pr\u00e1ctica, la p\u00e1gina web tambi\u00e9n transmite un mensaje de inclusi\u00f3n y conciencia sobre las necesidades de las personas con discapacidad en el sector tur\u00edstico. La autora aboga por la implementaci\u00f3n de pol\u00edticas y medidas que promuevan la accesibilidad y la igualdad de oportunidades para todos los viajeros, independientemente de su condici\u00f3n f\u00edsica.<\/p>\n<p>En definitiva, esta historia nos demuestra que no existen barreras insuperables cuando se trata de perseguir nuestras pasiones y sue\u00f1os. A trav\u00e9s de su p\u00e1gina web, esta periodista con deficiencia visual severa ha logrado romper los estereotipos y ayudar a otras personas con discapacidad a disfrutar de la experiencia \u00fanica de viajar. Su dedicaci\u00f3n, empat\u00eda e innovaci\u00f3n son dignas de admiraci\u00f3n y nos invitan a todos a repensar la forma en que concebimos el turismo y la accesibilidad.<\/p>\n<p><em> &#8221; Sources www.servimedia.es &#8221; <\/em><\/p>\n<p><em> &#8221; Fuentes www.servimedia.es &#8221; <\/em><\/p>\n","protected":false},"excerpt":{"rendered":"<p>Viajar es uno de los mayores placeres que podemos experimentar como seres humanos. Conocer nuevos lugares, culturas, paisajes y personas nos enriquece y nos permite salir de nuestra rutina diaria. Sin embargo, para las personas con discapacidad, este acto de exploraci\u00f3n y descubrimiento puede presentar desaf\u00edos adicionales. Es por eso que hoy quiero compartirles una [&hellip;]<\/p>\n","protected":false},"author":4,"featured_media":616983,"comment_status":"open","ping_status":"closed","sticky":false,"template":"","format":"standard","meta":{"om_disable_all_campaigns":false,"jnews-multi-image_gallery":[],"jnews_single_post":[],"jnews_primary_category":[],"jnews_social_meta":[],"footnotes":""},"categories":[39],"tags":[14982,93757,93756,65646,8956,93759,2358,22532,1907,51201,48375,93758],"class_list":["post-616982","post","type-post","status-publish","format-standard","has-post-thumbnail","hentry","category-viajes","tag-autonomias","tag-deficiencia-visual-severa","tag-dia-mundial-del-periodista-turistico","tag-discamedia","tag-discapacidad","tag-lider-en-informacion-social","tag-periodista","tag-personas-con-discapacidad","tag-sociedad","tag-turismo-accesible","tag-viajeros-con-discapacidad","tag-web-de-viajes"],"_links":{"self":[{"href":"https:\/\/dimensionturistica.com\/es\/wp-json\/wp\/v2\/posts\/616982","targetHints":{"allow":["GET"]}}],"collection":[{"href":"https:\/\/dimensionturistica.com\/es\/wp-json\/wp\/v2\/posts"}],"about":[{"href":"https:\/\/dimensionturistica.com\/es\/wp-json\/wp\/v2\/types\/post"}],"author":[{"embeddable":true,"href":"https:\/\/dimensionturistica.com\/es\/wp-json\/wp\/v2\/users\/4"}],"replies":[{"embeddable":true,"href":"https:\/\/dimensionturistica.com\/es\/wp-json\/wp\/v2\/comments?post=616982"}],"version-history":[{"count":0,"href":"https:\/\/dimensionturistica.com\/es\/wp-json\/wp\/v2\/posts\/616982\/revisions"}],"wp:featuredmedia":[{"embeddable":true,"href":"https:\/\/dimensionturistica.com\/es\/wp-json\/wp\/v2\/media\/616983"}],"wp:attachment":[{"href":"https:\/\/dimensionturistica.com\/es\/wp-json\/wp\/v2\/media?parent=616982"}],"wp:term":[{"taxonomy":"category","embeddable":true,"href":"https:\/\/dimensionturistica.com\/es\/wp-json\/wp\/v2\/categories?post=616982"},{"taxonomy":"post_tag","embeddable":true,"href":"https:\/\/dimensionturistica.com\/es\/wp-json\/wp\/v2\/tags?post=616982"}],"curies":[{"name":"wp","href":"https:\/\/api.w.org\/{rel}","templated":true}]}}