{"id":616635,"date":"2023-09-05T12:03:23","date_gmt":"2023-09-05T12:03:23","guid":{"rendered":"https:\/\/dimensionturistica.com\/es\/?p=616635"},"modified":"2023-09-05T12:03:23","modified_gmt":"2023-09-05T12:03:23","slug":"malaga-se-convierte-en-punto-de-encuentro-internacional-para-disenadores-de-viajes-de-lujo","status":"publish","type":"post","link":"https:\/\/dimensionturistica.com\/es\/malaga-se-convierte-en-punto-de-encuentro-internacional-para-disenadores-de-viajes-de-lujo\/","title":{"rendered":"M\u00e1laga se convierte en punto de encuentro internacional para dise\u00f1adores de viajes de lujo"},"content":{"rendered":"<p>Experimenta el lujo en la cumbre internacional de dise\u00f1adores de viajes en M\u00e1laga<\/p>\n<p>En un mundo lleno de hermosos destinos tur\u00edsticos, M\u00e1laga brilla con luz propia al acoger una cumbre internacional de dise\u00f1adores de viajes de lujo. Esta vibrante ciudad en la costa del sur de Espa\u00f1a se convierte en el epicentro de la industria del turismo de alta gama, donde los m\u00e1s exclusivos proveedores de servicios tur\u00edsticos se re\u00fanen para mostrar lo mejor de lo mejor.<\/p>\n<p>Del\u00e9itate con los lujosos hoteles y resorts que har\u00e1n que te sientas como un aut\u00e9ntico rey o reina. Cada detalle est\u00e1 cuidadosamente dise\u00f1ado para brindar la m\u00e1xima comodidad y elegancia, desde las suaves s\u00e1banas de seda hasta las impresionantes vistas al mar. Los mejores dise\u00f1adores de interiores han trabajado incansablemente para crear espacios de ensue\u00f1o, donde el estilo y el lujo se fusionan con la arquitectura mediterr\u00e1nea tradicional.<\/p>\n<p>El arte de viajar con estilo no se detiene solo en los alojamientos. M\u00e1laga te ofrece la oportunidad de disfrutar del lujo en movimiento con exclusivos servicios de transporte. Ya sea en un yate privado navegando por las tranquilas aguas del Mediterr\u00e1neo o en un coche de lujo recorriendo las ic\u00f3nicas calles de la ciudad, te sentir\u00e1s como una estrella de cine.<\/p>\n<p>Pero, \u00bfqu\u00e9 ser\u00eda del lujo sin una gastronom\u00eda exquisita? M\u00e1laga te ofrece una explosi\u00f3n de sabores en cada rinc\u00f3n. En la cumbre internacional de dise\u00f1adores de viajes de lujo, podr\u00e1s deleitarte con la aut\u00e9ntica cocina espa\u00f1ola, con sus tapas y sus vinos de renombre mundial. Los chefs m\u00e1s reconocidos de la regi\u00f3n estar\u00e1n all\u00ed para preparar platos \u00fanicos y deliciosos que te har\u00e1n la boca agua.<\/p>\n<p>Para aquellos que no pueden resistirse a la tentaci\u00f3n de las compras de lujo, M\u00e1laga tambi\u00e9n cuenta con una selecta variedad de tiendas exclusivas. Desde marcas de alta costura hasta joyer\u00edas de renombre internacional, podr\u00e1s encontrar todo lo que desees. D\u00e9jate llevar por el glamour y encuentra ese art\u00edculo especial que se convertir\u00e1 en tu tesoro m\u00e1s preciado.<\/p>\n<p>Adem\u00e1s de la cumbre en s\u00ed, M\u00e1laga tambi\u00e9n ofrece una gran variedad de actividades tur\u00edsticas de lujo. \u00bfQu\u00e9 te parece una visita a los famosos museos de la ciudad, como el Museo Picasso o el Centre Pompidou? O tal vez prefieras un d\u00eda de relax en los mejores spa y centros de bienestar. La elecci\u00f3n es tuya, y M\u00e1laga lo tiene todo para hacer realidad tus sue\u00f1os de lujo.<\/p>\n<p>En resumen, M\u00e1laga es el destino ideal para los amantes del lujo y la exclusividad. La cumbre internacional de dise\u00f1adores de viajes de lujo es la oportunidad perfecta para experimentar todo lo que esta incre\u00edble ciudad tiene para ofrecer. Desde alojamientos de ensue\u00f1o hasta una gastronom\u00eda exquisita, pasando por tiendas exclusivas y actividades tur\u00edsticas \u00fanicas, M\u00e1laga te cautivar\u00e1 con su elegancia y sofisticaci\u00f3n. No pierdas la oportunidad de disfrutar del lujo en su m\u00e1xima expresi\u00f3n en esta incre\u00edble cumbre internacional. \u00a1Te esperamos en M\u00e1laga!<\/p>\n<p><em> &#8221; Sources www.diariosur.es &#8221; <\/em><\/p>\n<p><em> &#8221; Fuentes www.diariosur.es &#8221; <\/em><\/p>\n","protected":false},"excerpt":{"rendered":"<p>Experimenta el lujo en la cumbre internacional de dise\u00f1adores de viajes en M\u00e1laga En un mundo lleno de hermosos destinos tur\u00edsticos, M\u00e1laga brilla con luz propia al acoger una cumbre internacional de dise\u00f1adores de viajes de lujo. Esta vibrante ciudad en la costa del sur de Espa\u00f1a se convierte en el epicentro de la industria [&hellip;]<\/p>\n","protected":false},"author":4,"featured_media":616636,"comment_status":"open","ping_status":"closed","sticky":false,"template":"","format":"standard","meta":{"om_disable_all_campaigns":false,"jnews-multi-image_gallery":[],"jnews_single_post":[],"jnews_primary_category":[],"jnews_social_meta":[],"footnotes":""},"categories":[39],"tags":[10255,9056,93591,26524,93592,1416,2096,2718,589,545],"class_list":["post-616635","post","type-post","status-publish","format-standard","has-post-thumbnail","hentry","category-viajes","tag-acoge","tag-cumbre","tag-cumbre-internacional","tag-disenadores","tag-disenadores-de-viajes-de-lujo","tag-internacional","tag-lujo","tag-malaga","tag-mayor","tag-viajes"],"_links":{"self":[{"href":"https:\/\/dimensionturistica.com\/es\/wp-json\/wp\/v2\/posts\/616635","targetHints":{"allow":["GET"]}}],"collection":[{"href":"https:\/\/dimensionturistica.com\/es\/wp-json\/wp\/v2\/posts"}],"about":[{"href":"https:\/\/dimensionturistica.com\/es\/wp-json\/wp\/v2\/types\/post"}],"author":[{"embeddable":true,"href":"https:\/\/dimensionturistica.com\/es\/wp-json\/wp\/v2\/users\/4"}],"replies":[{"embeddable":true,"href":"https:\/\/dimensionturistica.com\/es\/wp-json\/wp\/v2\/comments?post=616635"}],"version-history":[{"count":0,"href":"https:\/\/dimensionturistica.com\/es\/wp-json\/wp\/v2\/posts\/616635\/revisions"}],"wp:featuredmedia":[{"embeddable":true,"href":"https:\/\/dimensionturistica.com\/es\/wp-json\/wp\/v2\/media\/616636"}],"wp:attachment":[{"href":"https:\/\/dimensionturistica.com\/es\/wp-json\/wp\/v2\/media?parent=616635"}],"wp:term":[{"taxonomy":"category","embeddable":true,"href":"https:\/\/dimensionturistica.com\/es\/wp-json\/wp\/v2\/categories?post=616635"},{"taxonomy":"post_tag","embeddable":true,"href":"https:\/\/dimensionturistica.com\/es\/wp-json\/wp\/v2\/tags?post=616635"}],"curies":[{"name":"wp","href":"https:\/\/api.w.org\/{rel}","templated":true}]}}