{"id":615596,"date":"2023-09-03T21:25:20","date_gmt":"2023-09-03T21:25:20","guid":{"rendered":"https:\/\/dimensionturistica.com\/es\/?p=615596"},"modified":"2023-09-03T21:25:20","modified_gmt":"2023-09-03T21:25:20","slug":"preparations-underway-for-the-second-mexquitic-hot-air-balloon-festival","status":"publish","type":"post","link":"https:\/\/dimensionturistica.com\/es\/preparations-underway-for-the-second-mexquitic-hot-air-balloon-festival\/","title":{"rendered":"Preparations Underway for the Second Mexquitic Hot Air Balloon Festival"},"content":{"rendered":"<p>\u00a1Prep\u00e1rate para volar en el Segundo Festival del Globo en Mexquitic! El pueblo m\u00e1gico de Mexquitic est\u00e1 listo para deslumbrar a todos los asistentes con un espect\u00e1culo de globos aerost\u00e1ticos que te dejar\u00e1 sin aliento.<\/p>\n<p>En este majestuoso evento, podr\u00e1s presenciar la belleza de globos multicolores llenando el cielo, desde los m\u00e1s tradicionales hasta los m\u00e1s extravagantes. Ser\u00e1 un espect\u00e1culo visual sin igual que te har\u00e1 sentir como si estuvieras en un sue\u00f1o.<\/p>\n<p>Pero el festival no se trata solo de globo aerost\u00e1ticos, \u00a1es mucho m\u00e1s! Tambi\u00e9n podr\u00e1s disfrutar de una amplia gama de actividades emocionantes para toda la familia. Desde juegos mec\u00e1nicos, hasta concursos de globos y m\u00fasica en vivo, habr\u00e1 algo para todos los gustos.<\/p>\n<p>Adem\u00e1s, podr\u00e1s deleitarte con la exquisita comida mexicana que estar\u00e1 disponible en numerosos puestos de comida. Desde tacos dorados hasta deliciosos antojitos, tu paladar se deleitar\u00e1 con cada bocado.<\/p>\n<p>La experiencia no estar\u00eda completa sin una visita al mercado artesanal, donde podr\u00e1s encontrar todo tipo de souvenirs y artesan\u00edas locales. Desde coloridos textiles hasta joyer\u00eda hecha a mano, te llevar\u00e1s un pedacito de Mexquitic contigo.<\/p>\n<p>Si eres un apasionado de la fotograf\u00eda, \u00a1este festival ser\u00e1 el para\u00edso para ti! Tendr\u00e1s la oportunidad de capturar im\u00e1genes \u00fanicas y sorprendentes de los globos flotando en el cielo, creando recuerdos inolvidables.<\/p>\n<p>No importa si eres un aventurero queriendo volar en globo o simplemente quieres disfrutar del ambiente festivo, el Segundo Festival del Globo en Mexquitic te espera con los brazos abiertos.<\/p>\n<p>As\u00ed que marca tus calendarios y prep\u00e1rate para vivir una experiencia m\u00e1gica en el Segundo Festival del Globo en Mexquitic. No te pierdas esta oportunidad \u00fanica de presenciar un espect\u00e1culo lleno de belleza y emoci\u00f3n en uno de los lugares m\u00e1s encantadores de M\u00e9xico. \u00a1Te esperamos!<\/p>\n<p><em> &#8221; Sources laorquesta.mx &#8221; <\/em><\/p>\n","protected":false},"excerpt":{"rendered":"<p>\u00a1Prep\u00e1rate para volar en el Segundo Festival del Globo en Mexquitic! El pueblo m\u00e1gico de Mexquitic est\u00e1 listo para deslumbrar a todos los asistentes con un espect\u00e1culo de globos aerost\u00e1ticos que te dejar\u00e1 sin aliento. En este majestuoso evento, podr\u00e1s presenciar la belleza de globos multicolores llenando el cielo, desde los m\u00e1s tradicionales hasta los [&hellip;]<\/p>\n","protected":false},"author":4,"featured_media":615597,"comment_status":"open","ping_status":"closed","sticky":false,"template":"","format":"standard","meta":{"om_disable_all_campaigns":false,"jnews-multi-image_gallery":[],"jnews_single_post":[],"jnews_primary_category":[],"jnews_social_meta":[],"footnotes":""},"categories":[40],"tags":[93112,8350,93113],"class_list":["post-615596","post","type-post","status-publish","format-standard","has-post-thumbnail","hentry","category-industria","tag-mexquitic","tag-preparativos","tag-segundo-festival-del-globo"],"_links":{"self":[{"href":"https:\/\/dimensionturistica.com\/es\/wp-json\/wp\/v2\/posts\/615596","targetHints":{"allow":["GET"]}}],"collection":[{"href":"https:\/\/dimensionturistica.com\/es\/wp-json\/wp\/v2\/posts"}],"about":[{"href":"https:\/\/dimensionturistica.com\/es\/wp-json\/wp\/v2\/types\/post"}],"author":[{"embeddable":true,"href":"https:\/\/dimensionturistica.com\/es\/wp-json\/wp\/v2\/users\/4"}],"replies":[{"embeddable":true,"href":"https:\/\/dimensionturistica.com\/es\/wp-json\/wp\/v2\/comments?post=615596"}],"version-history":[{"count":0,"href":"https:\/\/dimensionturistica.com\/es\/wp-json\/wp\/v2\/posts\/615596\/revisions"}],"wp:featuredmedia":[{"embeddable":true,"href":"https:\/\/dimensionturistica.com\/es\/wp-json\/wp\/v2\/media\/615597"}],"wp:attachment":[{"href":"https:\/\/dimensionturistica.com\/es\/wp-json\/wp\/v2\/media?parent=615596"}],"wp:term":[{"taxonomy":"category","embeddable":true,"href":"https:\/\/dimensionturistica.com\/es\/wp-json\/wp\/v2\/categories?post=615596"},{"taxonomy":"post_tag","embeddable":true,"href":"https:\/\/dimensionturistica.com\/es\/wp-json\/wp\/v2\/tags?post=615596"}],"curies":[{"name":"wp","href":"https:\/\/api.w.org\/{rel}","templated":true}]}}