{"id":615100,"date":"2023-09-02T20:15:51","date_gmt":"2023-09-02T20:15:51","guid":{"rendered":"https:\/\/dimensionturistica.com\/es\/?p=615100"},"modified":"2023-09-02T20:15:51","modified_gmt":"2023-09-02T20:15:51","slug":"imprescindibles-de-dior-para-viajar-con-estilo-y-lucir-tus-mejores-looks","status":"publish","type":"post","link":"https:\/\/dimensionturistica.com\/es\/imprescindibles-de-dior-para-viajar-con-estilo-y-lucir-tus-mejores-looks\/","title":{"rendered":"Imprescindibles de Dior para viajar con estilo y lucir tus mejores looks"},"content":{"rendered":"<p>\u00a1Descubra el \u00faltimo imprescindible de belleza de Dior que le dejar\u00e1 boquiabierto! En un reciente lanzamiento, la ic\u00f3nica casa de moda nos presenta su nuevo neceser CD Signature, una verdadera joya para los amantes de la cosm\u00e9tica de lujo. Esta creaci\u00f3n de Dior es sin duda alguna el complemento perfecto para llevar en su equipaje de viaje esta temporada.<\/p>\n<p>El glamour y la elegancia se fusionan en este fascinante neceser, que cuenta con un dise\u00f1o sofisticado y moderno a la vez. Confeccionado con los m\u00e1s finos materiales y adornado con el logotipo ic\u00f3nico de CD, este neceser se convierte en una declaraci\u00f3n de estilo en s\u00ed mismo.<\/p>\n<p>Pero no se deje enga\u00f1ar por su aspecto impecable, el neceser CD Signature de Dior tambi\u00e9n es extremadamente funcional. Con amplio espacio interior y diferentes compartimentos, podr\u00e1 guardar sus productos de belleza de forma organizada y llevarlos consigo a cualquier lugar con facilidad. Adem\u00e1s, su dise\u00f1o compacto lo convierte en el aliado perfecto para llevar en el bolso o en la maleta, sin ocupar mucho espacio.<\/p>\n<p>\u00bfY qu\u00e9 ser\u00eda de un neceser de lujo sin los productos excepcionales que lo acompa\u00f1an? Dior no decepciona en este aspecto y ha incluido una selecci\u00f3n de sus mejores productos para el cuidado de la piel y maquillaje. Desde cremas hidratantes de alta gama hasta pintalabios de colores vibrantes, esta colecci\u00f3n exclusiva garantiza que lucir\u00e1 radiante en cualquier parte del mundo.<\/p>\n<p>Pero el atractivo de este neceser no se limita solo a su belleza y funcionalidad. Tambi\u00e9n representa una oportunidad para experimentar la excelencia de la marca Dior y sumergirse en el mundo del lujo y la sofisticaci\u00f3n. La sensaci\u00f3n de llevar un producto de esta calidad y prestigio consigo es inigualable, y sin duda alguna, llamar\u00e1 la atenci\u00f3n de aquellos que aprecian la exclusividad y el lujo en cada detalle.<\/p>\n<p>En resumen, el neceser CD Signature de Dior es mucho m\u00e1s que un simple accesorio de belleza. Es una declaraci\u00f3n de estilo, un s\u00edmbolo de lujo y una entrada al exclusivo universo de Dior. Si est\u00e1 buscando destacar en su pr\u00f3ximo viaje o sorprender a alguien con un regalo \u00fanico y glamuroso, no puede dejar pasar la oportunidad de adquirir este excepcional neceser. \u00a1Sum\u00e9rjase en la experiencia Dior y d\u00e9jese llevar por el lujo incomparable!<\/p>\n<p><em> &#8221; Fuentes www.neo2.com &#8221; <\/em><\/p>\n","protected":false},"excerpt":{"rendered":"<p>\u00a1Descubra el \u00faltimo imprescindible de belleza de Dior que le dejar\u00e1 boquiabierto! En un reciente lanzamiento, la ic\u00f3nica casa de moda nos presenta su nuevo neceser CD Signature, una verdadera joya para los amantes de la cosm\u00e9tica de lujo. Esta creaci\u00f3n de Dior es sin duda alguna el complemento perfecto para llevar en su equipaje [&hellip;]<\/p>\n","protected":false},"author":4,"featured_media":615101,"comment_status":"open","ping_status":"closed","sticky":false,"template":"","format":"standard","meta":{"om_disable_all_campaigns":false,"jnews-multi-image_gallery":[],"jnews_single_post":[],"jnews_primary_category":[],"jnews_social_meta":[],"footnotes":""},"categories":[39],"tags":[92869,14971,19121,545],"class_list":["post-615100","post","type-post","status-publish","format-standard","has-post-thumbnail","hentry","category-viajes","tag-el-neceser-de-dior","tag-looks","tag-necesario","tag-viajes"],"_links":{"self":[{"href":"https:\/\/dimensionturistica.com\/es\/wp-json\/wp\/v2\/posts\/615100","targetHints":{"allow":["GET"]}}],"collection":[{"href":"https:\/\/dimensionturistica.com\/es\/wp-json\/wp\/v2\/posts"}],"about":[{"href":"https:\/\/dimensionturistica.com\/es\/wp-json\/wp\/v2\/types\/post"}],"author":[{"embeddable":true,"href":"https:\/\/dimensionturistica.com\/es\/wp-json\/wp\/v2\/users\/4"}],"replies":[{"embeddable":true,"href":"https:\/\/dimensionturistica.com\/es\/wp-json\/wp\/v2\/comments?post=615100"}],"version-history":[{"count":0,"href":"https:\/\/dimensionturistica.com\/es\/wp-json\/wp\/v2\/posts\/615100\/revisions"}],"wp:featuredmedia":[{"embeddable":true,"href":"https:\/\/dimensionturistica.com\/es\/wp-json\/wp\/v2\/media\/615101"}],"wp:attachment":[{"href":"https:\/\/dimensionturistica.com\/es\/wp-json\/wp\/v2\/media?parent=615100"}],"wp:term":[{"taxonomy":"category","embeddable":true,"href":"https:\/\/dimensionturistica.com\/es\/wp-json\/wp\/v2\/categories?post=615100"},{"taxonomy":"post_tag","embeddable":true,"href":"https:\/\/dimensionturistica.com\/es\/wp-json\/wp\/v2\/tags?post=615100"}],"curies":[{"name":"wp","href":"https:\/\/api.w.org\/{rel}","templated":true}]}}