{"id":615093,"date":"2023-09-02T20:07:30","date_gmt":"2023-09-02T20:07:30","guid":{"rendered":"https:\/\/dimensionturistica.com\/es\/?p=615093"},"modified":"2023-09-02T20:07:30","modified_gmt":"2023-09-02T20:07:30","slug":"el-ultimo-lanzamiento-de-disney-lleva-a-carlos-rivera-en-un-emocionante-viaje-por-su-ciudad-natal","status":"publish","type":"post","link":"https:\/\/dimensionturistica.com\/es\/el-ultimo-lanzamiento-de-disney-lleva-a-carlos-rivera-en-un-emocionante-viaje-por-su-ciudad-natal\/","title":{"rendered":"El \u00faltimo lanzamiento de Disney+ lleva a Carlos Rivera en un emocionante viaje por su ciudad natal"},"content":{"rendered":"<p>\u00a1Descubre el m\u00e1gico viaje de Carlos Rivera a su querido pueblo natal en el nuevo especial de Disney! Este emocionante programa televisivo te transportar\u00e1 a trav\u00e9s de los recuerdos m\u00e1s apreciados y los lugares m\u00e1s emblem\u00e1ticos de la infancia del afamado cantante.<\/p>\n<p>Disney, reconocido mundialmente por su talento para crear experiencias inolvidables, ha logrado capturar la esencia de la vida y el crecimiento de Carlos Rivera en este especial \u00fanico. Prep\u00e1rate para embarcarte en un viaje nost\u00e1lgico mientras Rivera nos sumerge en los rincones m\u00e1s hermosos y significativos de sus ra\u00edces.<\/p>\n<p>Recorrer\u00e1s calles empedradas y plazas pintorescas, saborear\u00e1s la aut\u00e9ntica gastronom\u00eda local y conocer\u00e1s a personajes entra\u00f1ables que marcaron la infancia de este destacado artista. Desde la casa donde creci\u00f3 hasta el parque donde aprendi\u00f3 a cantar, cada parada en este viaje estar\u00e1 llena de emociones y momentos entra\u00f1ables.<\/p>\n<p>Este especial de Disney es un regalo para los fans de Carlos Rivera y para aquellos amantes de los destinos con encanto. Ser\u00e1s testigo de c\u00f3mo este talentoso cantante comparte su amor y gratitud por su lugar de origen, abriendo su coraz\u00f3n y mostrando la belleza de su pueblo natal a trav\u00e9s de su arte.<\/p>\n<p>No importa si eres un seguidor ac\u00e9rrimo de Carlos Rivera o simplemente un curioso viajero \u00e1vido de nuevas experiencias, este especial te permitir\u00e1 sumergirte en una historia fascinante, llena de m\u00fasica, cultura y tradici\u00f3n. \u00a1Te garantizamos que no podr\u00e1s apartar la mirada de la pantalla!<\/p>\n<p>No te pierdas esta oportunidad \u00fanica de acompa\u00f1ar a Carlos Rivera en su viaje de recuerdos por su pueblo natal. Sintoniza el nuevo especial de Disney y d\u00e9jate llevar por los sentimientos que surgir\u00e1n al adentrarte en esta traves\u00eda llena de magia y emociones. \u00a1Un recorrido imperdible que te tocar\u00e1 el coraz\u00f3n y despertar\u00e1 tu esp\u00edritu aventurero!<\/p>\n<p><em> &#8221; Fuentes www.infobae.com &#8221; <\/em><\/p>\n","protected":false},"excerpt":{"rendered":"<p>\u00a1Descubre el m\u00e1gico viaje de Carlos Rivera a su querido pueblo natal en el nuevo especial de Disney! Este emocionante programa televisivo te transportar\u00e1 a trav\u00e9s de los recuerdos m\u00e1s apreciados y los lugares m\u00e1s emblem\u00e1ticos de la infancia del afamado cantante. Disney, reconocido mundialmente por su talento para crear experiencias inolvidables, ha logrado capturar [&hellip;]<\/p>\n","protected":false},"author":4,"featured_media":615094,"comment_status":"open","ping_status":"closed","sticky":false,"template":"","format":"standard","meta":{"om_disable_all_campaigns":false,"jnews-multi-image_gallery":[],"jnews_single_post":[],"jnews_primary_category":[],"jnews_social_meta":[],"footnotes":""},"categories":[39],"tags":[47197,3222,92868,92867],"class_list":["post-615093","post","type-post","status-publish","format-standard","has-post-thumbnail","hentry","category-viajes","tag-carlos-rivera","tag-disney","tag-pueblo-natal","tag-viaje-de-recuerdos"],"_links":{"self":[{"href":"https:\/\/dimensionturistica.com\/es\/wp-json\/wp\/v2\/posts\/615093","targetHints":{"allow":["GET"]}}],"collection":[{"href":"https:\/\/dimensionturistica.com\/es\/wp-json\/wp\/v2\/posts"}],"about":[{"href":"https:\/\/dimensionturistica.com\/es\/wp-json\/wp\/v2\/types\/post"}],"author":[{"embeddable":true,"href":"https:\/\/dimensionturistica.com\/es\/wp-json\/wp\/v2\/users\/4"}],"replies":[{"embeddable":true,"href":"https:\/\/dimensionturistica.com\/es\/wp-json\/wp\/v2\/comments?post=615093"}],"version-history":[{"count":0,"href":"https:\/\/dimensionturistica.com\/es\/wp-json\/wp\/v2\/posts\/615093\/revisions"}],"wp:featuredmedia":[{"embeddable":true,"href":"https:\/\/dimensionturistica.com\/es\/wp-json\/wp\/v2\/media\/615094"}],"wp:attachment":[{"href":"https:\/\/dimensionturistica.com\/es\/wp-json\/wp\/v2\/media?parent=615093"}],"wp:term":[{"taxonomy":"category","embeddable":true,"href":"https:\/\/dimensionturistica.com\/es\/wp-json\/wp\/v2\/categories?post=615093"},{"taxonomy":"post_tag","embeddable":true,"href":"https:\/\/dimensionturistica.com\/es\/wp-json\/wp\/v2\/tags?post=615093"}],"curies":[{"name":"wp","href":"https:\/\/api.w.org\/{rel}","templated":true}]}}