{"id":614591,"date":"2023-09-01T23:13:44","date_gmt":"2023-09-01T23:13:44","guid":{"rendered":"https:\/\/dimensionturistica.com\/es\/?p=614591"},"modified":"2023-09-01T23:13:44","modified_gmt":"2023-09-01T23:13:44","slug":"desafios-y-dudas-en-el-mercado-ganadero-ante-la-operacion-marfrig-minerva","status":"publish","type":"post","link":"https:\/\/dimensionturistica.com\/es\/desafios-y-dudas-en-el-mercado-ganadero-ante-la-operacion-marfrig-minerva\/","title":{"rendered":"Desaf\u00edos y dudas en el mercado ganadero ante la Operaci\u00f3n Marfrig\/Minerva"},"content":{"rendered":"<p>\u00a1Importantes cambios en el negocio del corral! La reciente operaci\u00f3n entre Marfrig y Minerva ha despertado un sinf\u00edn de incertidumbres en el sector ganadero. Esta impactante fusi\u00f3n ha generado un gran inter\u00e9s entre los expertos y ha dejado a muchos pregunt\u00e1ndose cu\u00e1l ser\u00e1 el futuro de la industria del corral.<\/p>\n<p>El acuerdo entre Marfrig y Minerva ha causado revuelo en el mercado de los productos ganaderos. Ambas compa\u00f1\u00edas son reconocidas l\u00edderes en la producci\u00f3n y comercializaci\u00f3n de carne de res, por lo que esta operaci\u00f3n conjunta tiene el potencial de transformar el panorama del negocio del corral.<\/p>\n<p>Sin embargo, esta innovadora alianza no ha estado exenta de preocupaciones. Muchos se preguntan cu\u00e1l ser\u00e1 el impacto en los precios de la carne de res y c\u00f3mo afectar\u00e1 a los peque\u00f1os productores y a la econom\u00eda rural en general. Adem\u00e1s, existe cierta incertidumbre sobre c\u00f3mo se distribuir\u00e1 el control de la cadena de suministro y cu\u00e1l ser\u00e1 el papel de los actores m\u00e1s peque\u00f1os en este nuevo escenario.<\/p>\n<p>A pesar de las dudas, esta operaci\u00f3n tambi\u00e9n ha generado expectativas positivas. Se espera que la uni\u00f3n de Marfrig y Minerva permita una mayor eficiencia en la producci\u00f3n y distribuci\u00f3n de carne de res, lo que podr\u00eda traducirse en mejores precios y productos de mayor calidad para los consumidores. Adem\u00e1s, esta fusi\u00f3n podr\u00eda dar lugar a iniciativas conjuntas en t\u00e9rminos de sostenibilidad y pr\u00e1cticas responsables en la industria ganadera.<\/p>\n<p>En resumen, la operaci\u00f3n entre Marfrig y Minerva ha generado un gran inter\u00e9s y ha generado un amplio espectro de opiniones y expectativas en el negocio del corral. Aunque existen incertidumbres, tambi\u00e9n se vislumbran oportunidades para el desarrollo y la innovaci\u00f3n en el sector ganadero. El tiempo dir\u00e1 c\u00f3mo se desenvuelve esta alianza y qu\u00e9 impacto tendr\u00e1 en el mercado global de la carne de res.<\/p>\n<p><em> &#8221; Sources rurales.elpais.com.uy &#8221; <\/em><\/p>\n","protected":false},"excerpt":{"rendered":"<p>\u00a1Importantes cambios en el negocio del corral! La reciente operaci\u00f3n entre Marfrig y Minerva ha despertado un sinf\u00edn de incertidumbres en el sector ganadero. Esta impactante fusi\u00f3n ha generado un gran inter\u00e9s entre los expertos y ha dejado a muchos pregunt\u00e1ndose cu\u00e1l ser\u00e1 el futuro de la industria del corral. El acuerdo entre Marfrig y [&hellip;]<\/p>\n","protected":false},"author":2,"featured_media":614592,"comment_status":"open","ping_status":"closed","sticky":false,"template":"","format":"standard","meta":{"om_disable_all_campaigns":false,"jnews-multi-image_gallery":[],"jnews_single_post":[],"jnews_primary_category":[],"jnews_social_meta":[],"footnotes":""},"categories":[43],"tags":[4482,92673,92671,92672],"class_list":["post-614591","post","type-post","status-publish","format-standard","has-post-thumbnail","hentry","category-gourmet","tag-incertidumbre","tag-negocio-del-corral","tag-operacion-marfrig-minerva","tag-tambien-genera-incertidumbre-en-el-negocio-del-corral-rurales"],"_links":{"self":[{"href":"https:\/\/dimensionturistica.com\/es\/wp-json\/wp\/v2\/posts\/614591","targetHints":{"allow":["GET"]}}],"collection":[{"href":"https:\/\/dimensionturistica.com\/es\/wp-json\/wp\/v2\/posts"}],"about":[{"href":"https:\/\/dimensionturistica.com\/es\/wp-json\/wp\/v2\/types\/post"}],"author":[{"embeddable":true,"href":"https:\/\/dimensionturistica.com\/es\/wp-json\/wp\/v2\/users\/2"}],"replies":[{"embeddable":true,"href":"https:\/\/dimensionturistica.com\/es\/wp-json\/wp\/v2\/comments?post=614591"}],"version-history":[{"count":0,"href":"https:\/\/dimensionturistica.com\/es\/wp-json\/wp\/v2\/posts\/614591\/revisions"}],"wp:featuredmedia":[{"embeddable":true,"href":"https:\/\/dimensionturistica.com\/es\/wp-json\/wp\/v2\/media\/614592"}],"wp:attachment":[{"href":"https:\/\/dimensionturistica.com\/es\/wp-json\/wp\/v2\/media?parent=614591"}],"wp:term":[{"taxonomy":"category","embeddable":true,"href":"https:\/\/dimensionturistica.com\/es\/wp-json\/wp\/v2\/categories?post=614591"},{"taxonomy":"post_tag","embeddable":true,"href":"https:\/\/dimensionturistica.com\/es\/wp-json\/wp\/v2\/tags?post=614591"}],"curies":[{"name":"wp","href":"https:\/\/api.w.org\/{rel}","templated":true}]}}