{"id":613841,"date":"2023-09-01T00:00:00","date_gmt":"2023-09-01T00:00:00","guid":{"rendered":"https:\/\/dimensionturistica.com\/es\/?p=613841"},"modified":"2023-09-01T00:00:00","modified_gmt":"2023-09-01T00:00:00","slug":"descubre-valladolid-cuando-y-donde-tendra-lugar-el-evento-del-pueblo-magico","status":"publish","type":"post","link":"https:\/\/dimensionturistica.com\/es\/descubre-valladolid-cuando-y-donde-tendra-lugar-el-evento-del-pueblo-magico\/","title":{"rendered":"Descubre Valladolid: \u00bfCu\u00e1ndo y d\u00f3nde tendr\u00e1 lugar el evento del Pueblo M\u00e1gico?"},"content":{"rendered":"<p>\u00a1Descubre la m\u00e1gica Valladolid en un evento imperdible! <\/p>\n<p>En el encantador pueblo m\u00e1gico de Valladolid, se llevar\u00e1 a cabo una incre\u00edble exposici\u00f3n que no puedes perderte. El evento, que promete emociones sin igual, dar\u00e1 inicio en el mes de agosto y se extender\u00e1 durante varios d\u00edas. <\/p>\n<p>Valladolid, ubicado en el hermoso estado de Yucat\u00e1n, es conocido por su rica historia, su arquitectura colonial y su vibrante cultura. Es un destino que atrae tanto a los amantes de la historia como a quienes buscan aventuras en la naturaleza. Y ahora, con esta imponente exposici\u00f3n, \u00a1la ciudad se convierte en un lugar a\u00fan m\u00e1s atractivo para visitar!<\/p>\n<p>Durante la expo, podr\u00e1s sumergirte en la cultura yucateca, ya que se exhibir\u00e1n diversas manifestaciones art\u00edsticas, talleres interactivos y muestras gastron\u00f3micas. El evento contar\u00e1 con la participaci\u00f3n de talentosos artistas locales, quienes realizar\u00e1n demostraciones en vivo y compartir\u00e1n su pasi\u00f3n por las tradiciones de la regi\u00f3n.<\/p>\n<p>Adem\u00e1s de las actividades culturales, tambi\u00e9n habr\u00e1 oportunidades para disfrutar de la belleza natural que rodea a Valladolid. Podr\u00e1s realizar paseos en bicicleta por los encantadores paisajes, adentrarte en las maravillosas cenotes o explorar las ruinas arqueol\u00f3gicas cercanas.<\/p>\n<p>La expo se llevar\u00e1 a cabo en el coraz\u00f3n de la ciudad, en un lugar especialmente decorado para la ocasi\u00f3n. Disfrutar\u00e1s de una experiencia \u00fanica mientras recorres los coloridos puestos de artesan\u00edas, pruebas deliciosos platillos t\u00edpicos y te maravillas con las impresionantes exhibiciones.<\/p>\n<p>No importa si eres un apasionado de la historia, un amante de la aventura o simplemente alguien que busca escapar de la rutina, la expo en Valladolid tiene algo para todos. No te pierdas esta oportunidad de explorar la riqueza cultural y natural de este m\u00e1gico pueblo.<\/p>\n<p>Aseg\u00farate de marcar tus calendarios y no perderte este evento \u00fanico. \u00a1La expo en Valladolid te espera con los brazos abiertos!<\/p>\n<p><em> &#8221; Fuentes www.poresto.net &#8221; <\/em><\/p>\n","protected":false},"excerpt":{"rendered":"<p>\u00a1Descubre la m\u00e1gica Valladolid en un evento imperdible! En el encantador pueblo m\u00e1gico de Valladolid, se llevar\u00e1 a cabo una incre\u00edble exposici\u00f3n que no puedes perderte. El evento, que promete emociones sin igual, dar\u00e1 inicio en el mes de agosto y se extender\u00e1 durante varios d\u00edas. Valladolid, ubicado en el hermoso estado de Yucat\u00e1n, es [&hellip;]<\/p>\n","protected":false},"author":4,"featured_media":613842,"comment_status":"open","ping_status":"closed","sticky":false,"template":"","format":"standard","meta":{"om_disable_all_campaigns":false,"jnews-multi-image_gallery":[],"jnews_single_post":[],"jnews_primary_category":[],"jnews_social_meta":[],"footnotes":""},"categories":[39],"tags":[92260,723,92259,2631],"class_list":["post-613841","post","type-post","status-publish","format-standard","has-post-thumbnail","hentry","category-viajes","tag-cuando-y-donde","tag-evento","tag-expo-descubre-valladolid","tag-pueblo-magico"],"_links":{"self":[{"href":"https:\/\/dimensionturistica.com\/es\/wp-json\/wp\/v2\/posts\/613841","targetHints":{"allow":["GET"]}}],"collection":[{"href":"https:\/\/dimensionturistica.com\/es\/wp-json\/wp\/v2\/posts"}],"about":[{"href":"https:\/\/dimensionturistica.com\/es\/wp-json\/wp\/v2\/types\/post"}],"author":[{"embeddable":true,"href":"https:\/\/dimensionturistica.com\/es\/wp-json\/wp\/v2\/users\/4"}],"replies":[{"embeddable":true,"href":"https:\/\/dimensionturistica.com\/es\/wp-json\/wp\/v2\/comments?post=613841"}],"version-history":[{"count":0,"href":"https:\/\/dimensionturistica.com\/es\/wp-json\/wp\/v2\/posts\/613841\/revisions"}],"wp:featuredmedia":[{"embeddable":true,"href":"https:\/\/dimensionturistica.com\/es\/wp-json\/wp\/v2\/media\/613842"}],"wp:attachment":[{"href":"https:\/\/dimensionturistica.com\/es\/wp-json\/wp\/v2\/media?parent=613841"}],"wp:term":[{"taxonomy":"category","embeddable":true,"href":"https:\/\/dimensionturistica.com\/es\/wp-json\/wp\/v2\/categories?post=613841"},{"taxonomy":"post_tag","embeddable":true,"href":"https:\/\/dimensionturistica.com\/es\/wp-json\/wp\/v2\/tags?post=613841"}],"curies":[{"name":"wp","href":"https:\/\/api.w.org\/{rel}","templated":true}]}}