{"id":610030,"date":"2023-08-26T22:17:26","date_gmt":"2023-08-26T22:17:26","guid":{"rendered":"https:\/\/dimensionturistica.com\/es\/?p=610030"},"modified":"2023-08-26T22:17:26","modified_gmt":"2023-08-26T22:17:26","slug":"pugna-en-cancun-acerca-de-si-los-trabajadores-turisticos-gozan-de-los-ingresos-mas-altos","status":"publish","type":"post","link":"https:\/\/dimensionturistica.com\/es\/pugna-en-cancun-acerca-de-si-los-trabajadores-turisticos-gozan-de-los-ingresos-mas-altos\/","title":{"rendered":"Pugna en Canc\u00fan acerca de si los trabajadores tur\u00edsticos gozan de los ingresos m\u00e1s altos"},"content":{"rendered":"<p>Canc\u00fan, conocido por su exuberante belleza natural y sus deslumbrantes playas de arena blanca, es un destino tur\u00edstico de renombre mundial. Sin embargo, tras bambalinas, se est\u00e1n desentra\u00f1ando realidades ocultas que podr\u00edan afectar la calidad de la experiencia tur\u00edstica en este para\u00edso caribe\u00f1o.<\/p>\n<p>Recientemente, se ha puesto sobre la mesa una preocupante advertencia dirigida a los hoteleros de Canc\u00fan: la pobreza laboral y los bajos salarios est\u00e1n afectando gravemente a los trabajadores de la industria tur\u00edstica. Esta problem\u00e1tica ha generado un fuerte debate sobre la \u00e9tica y la responsabilidad social de los empresarios hoteleros en la zona.<\/p>\n<p>La pobreza laboral, que puede ser definida como la incapacidad de satisfacer las necesidades b\u00e1sicas con el ingreso que se recibe, es una realidad que no puede ser ignorada. Los trabajadores que hacen posible la magn\u00edfica experiencia de los hu\u00e9spedes en los hoteles de Canc\u00fan se enfrentan a desaf\u00edos econ\u00f3micos cada vez m\u00e1s acuciantes. Sus salarios no les permiten vivir dignamente y, por ende, su calidad de vida se ve afectada significativamente.<\/p>\n<p>Esta situaci\u00f3n no solo tiene repercusiones negativas para los trabajadores, sino que tambi\u00e9n podr\u00eda impactar en la calidad del servicio ofrecido a los turistas. Un personal desmotivado y preocupado por su situaci\u00f3n econ\u00f3mica dif\u00edcilmente podr\u00e1 brindar el nivel de atenci\u00f3n y hospitalidad que los viajeros esperan encontrar en Canc\u00fan.<\/p>\n<p>Es fundamental que los empresarios hoteleros asuman una mayor responsabilidad y den pasos concretos para mejorar las condiciones laborales de sus empleados. Esto implica, entre otras cosas, pagar salarios justos y garantizar un ambiente laboral seguro y gratificante. Al invertir en su equipo humano, los hoteleros estar\u00edan asegurando una fuerza laboral motivada y comprometida, lo que a su vez se traducir\u00eda en una experiencia tur\u00edstica excepcional para los visitantes.<\/p>\n<p>Canc\u00fan se ha ganado a pulso su fama de para\u00edso tropical, pero es hora de mirar m\u00e1s all\u00e1 de sus espectaculares vistas y aguas cristalinas. Es momento de abordar las problem\u00e1ticas reales que afectan a la industria tur\u00edstica en esta regi\u00f3n y trabajar juntos para construir un futuro m\u00e1s justo y equitativo para todos aquellos que contribuyen a hacer de Canc\u00fan un destino de ensue\u00f1o.<\/p>\n<p>Mientras disfrutamos de las maravillas que Canc\u00fan nos regala, no debemos olvidar la importancia de apoyar a aquellos que hacen posible nuestra experiencia de viaje. Al elegir un hotel en este destino, consideremos aquellos establecimientos que se preocupen genuinamente por el bienestar de sus empleados. Haciendo turismo responsable, nosotros tambi\u00e9n podemos contribuir a generar un impacto positivo en la comunidad local.<\/p>\n<p>En conclusi\u00f3n, es imperativo que los hoteleros de Canc\u00fan tomen conciencia de la pobreza laboral y los bajos salarios que afectan a los trabajadores de la industria tur\u00edstica. Solo a trav\u00e9s de un compromiso real con la responsabilidad social y laboral podr\u00e1n mantener el prestigio y la excelencia de esta joya caribe\u00f1a. Hagamos de Canc\u00fan un ejemplo a seguir en t\u00e9rminos de equidad y bienestar laboral, para que todos podamos seguir disfrutando de este maravilloso destino por muchos a\u00f1os m\u00e1s.<\/p>\n<p><em> &#8221; Fuentes www.reportur.com &#8221; <\/em><\/p>\n","protected":false},"excerpt":{"rendered":"<p>Canc\u00fan, conocido por su exuberante belleza natural y sus deslumbrantes playas de arena blanca, es un destino tur\u00edstico de renombre mundial. Sin embargo, tras bambalinas, se est\u00e1n desentra\u00f1ando realidades ocultas que podr\u00edan afectar la calidad de la experiencia tur\u00edstica en este para\u00edso caribe\u00f1o. Recientemente, se ha puesto sobre la mesa una preocupante advertencia dirigida a [&hellip;]<\/p>\n","protected":false},"author":4,"featured_media":610031,"comment_status":"open","ping_status":"closed","sticky":false,"template":"","format":"standard","meta":{"om_disable_all_campaigns":false,"jnews-multi-image_gallery":[],"jnews_single_post":[],"jnews_primary_category":[],"jnews_social_meta":[],"footnotes":""},"categories":[39],"tags":[2010,90645,90644,90643],"class_list":["post-610030","post","type-post","status-publish","format-standard","has-post-thumbnail","hentry","category-viajes","tag-cancun","tag-mejor-pagado","tag-personal-turistico","tag-tags-pugna"],"_links":{"self":[{"href":"https:\/\/dimensionturistica.com\/es\/wp-json\/wp\/v2\/posts\/610030","targetHints":{"allow":["GET"]}}],"collection":[{"href":"https:\/\/dimensionturistica.com\/es\/wp-json\/wp\/v2\/posts"}],"about":[{"href":"https:\/\/dimensionturistica.com\/es\/wp-json\/wp\/v2\/types\/post"}],"author":[{"embeddable":true,"href":"https:\/\/dimensionturistica.com\/es\/wp-json\/wp\/v2\/users\/4"}],"replies":[{"embeddable":true,"href":"https:\/\/dimensionturistica.com\/es\/wp-json\/wp\/v2\/comments?post=610030"}],"version-history":[{"count":0,"href":"https:\/\/dimensionturistica.com\/es\/wp-json\/wp\/v2\/posts\/610030\/revisions"}],"wp:featuredmedia":[{"embeddable":true,"href":"https:\/\/dimensionturistica.com\/es\/wp-json\/wp\/v2\/media\/610031"}],"wp:attachment":[{"href":"https:\/\/dimensionturistica.com\/es\/wp-json\/wp\/v2\/media?parent=610030"}],"wp:term":[{"taxonomy":"category","embeddable":true,"href":"https:\/\/dimensionturistica.com\/es\/wp-json\/wp\/v2\/categories?post=610030"},{"taxonomy":"post_tag","embeddable":true,"href":"https:\/\/dimensionturistica.com\/es\/wp-json\/wp\/v2\/tags?post=610030"}],"curies":[{"name":"wp","href":"https:\/\/api.w.org\/{rel}","templated":true}]}}