{"id":608319,"date":"2023-08-23T21:10:36","date_gmt":"2023-08-23T21:10:36","guid":{"rendered":"https:\/\/dimensionturistica.com\/es\/?p=608319"},"modified":"2023-08-23T21:10:36","modified_gmt":"2023-08-23T21:10:36","slug":"marco-ferraz-participa-en-la-novena-edicion-del-encuentro-regional-de-cruceros-en-espanol","status":"publish","type":"post","link":"https:\/\/dimensionturistica.com\/es\/marco-ferraz-participa-en-la-novena-edicion-del-encuentro-regional-de-cruceros-en-espanol\/","title":{"rendered":"Marco Ferraz participa en la novena edici\u00f3n del Encuentro Regional de Cruceros en espa\u00f1ol."},"content":{"rendered":"<p>Sum\u00e9rgete en el mundo de los cruceros y descubre una maravillosa experiencia en alta mar que est\u00e1 revolucionando la forma de viajar. En nuestro \u00faltimo n\u00famero, te traemos una exclusiva de inter\u00e9s absoluto: la incre\u00edble participaci\u00f3n de Marco Ferraz en el noveno Encuentro Regional de Cruceros.<\/p>\n<p>Este evento, que atrae a los amantes de los cruceros de todas partes del mundo, es reconocido por ser una oportunidad \u00fanica de intercambio de conocimientos, tendencias y novedades en la industria de los cruceros. Y la asistencia de Marco Ferraz, uno de los l\u00edderes m\u00e1s destacados en este campo, promete agregar un toque de emoci\u00f3n y conocimiento invaluable a este evento.<\/p>\n<p>Durante su intervenci\u00f3n, Ferraz comparti\u00f3 sus perspectivas sobre el futuro de los cruceros y aprovech\u00f3 la oportunidad para revelar sus \u00faltimas innovaciones en t\u00e9rminos de itinerarios, servicios a bordo y experiencias \u00fanicas para los pasajeros. Su visi\u00f3n es clara: transformar los cruceros en destinos flotantes, donde cada instante sea una experiencia inolvidable y llena de sorpresas.<\/p>\n<p>Con su apasionante oratoria y expertise en la industria, Ferraz cautiv\u00f3 a la audiencia y dej\u00f3 a todos con ganas de embarcarse en una aventura en alta mar. Sus revelaciones sobre las futuras rutas de cruceros, que incluyen destinos ex\u00f3ticos y remotos, sin duda despertaron el esp\u00edritu viajero de todos los presentes.<\/p>\n<p>Adem\u00e1s de las emocionantes noticias compartidas por Ferraz, el encuentro tambi\u00e9n present\u00f3 una muestra de embarcaciones emblem\u00e1ticas, exhibiendo los \u00faltimos avances en dise\u00f1o y tecnolog\u00eda. Desde suites lujosas hasta restaurantes gourmet y entretenimiento de clase mundial, los cruceros nunca han sido tan atractivos.<\/p>\n<p>Si sue\u00f1as con disfrutar de unas vacaciones inolvidables, no te puedes perder nuestra edici\u00f3n especial sobre El Encuentro Regional de Cruceros. Sum\u00e9rgete en la exclusiva entrevista a Marco Ferraz y d\u00e9jate inspirar por la magia que se vive a bordo de estas impresionantes embarcaciones.<\/p>\n<p>\u00a1Prep\u00e1rate para ser testigo de la evoluci\u00f3n de los cruceros y descubrir las maravillas del mundo mientras navegas por los oc\u00e9anos! \u00bfEst\u00e1s listo para zarpar hacia una aventura \u00fanica en tu vida? No te pierdas nuestra pr\u00f3xima edici\u00f3n, donde exploraremos a fondo los tesoros escondidos en cada destino de ensue\u00f1o.<\/p>\n<p>En la era de los viajes con estilo, los cruceros se destacan como la forma m\u00e1s emocionante y lujosa de explorar los rincones m\u00e1s bellos del mundo. No pierdas la oportunidad de descubrir c\u00f3mo Marco Ferraz y el Encuentro Regional de Cruceros est\u00e1n redefiniendo el arte de viajar y creando experiencias inolvidables en alta mar.<\/p>\n<p>\u00a1Adquiere tu ejemplar hoy mismo y sum\u00e9rgete en el apasionante mundo de los cruceros con nosotros!<\/p>\n<p><em> &#8221; Fuentes noticiasdecruceros.com &#8221; <\/em><\/p>\n","protected":false},"excerpt":{"rendered":"<p>Sum\u00e9rgete en el mundo de los cruceros y descubre una maravillosa experiencia en alta mar que est\u00e1 revolucionando la forma de viajar. En nuestro \u00faltimo n\u00famero, te traemos una exclusiva de inter\u00e9s absoluto: la incre\u00edble participaci\u00f3n de Marco Ferraz en el noveno Encuentro Regional de Cruceros. Este evento, que atrae a los amantes de los [&hellip;]<\/p>\n","protected":false},"author":4,"featured_media":0,"comment_status":"open","ping_status":"closed","sticky":false,"template":"","format":"standard","meta":{"om_disable_all_campaigns":false,"jnews-multi-image_gallery":[],"jnews_single_post":[],"jnews_primary_category":[],"jnews_social_meta":[],"footnotes":""},"categories":[41],"tags":[75327,73763,89903,73439],"class_list":["post-608319","post","type-post","status-publish","format-standard","hentry","category-cruceros","tag-but-as-an-ai-language-model","tag-i-cannot-browse-the-internet-or-access-real-time-information-therefore","tag-i-cannot-provide-you-with-the-specific-tags-for-the-title-marco-ferraz-en-el-ix-encuentro-regional-de-cruceros-however","tag-im-sorry"],"_links":{"self":[{"href":"https:\/\/dimensionturistica.com\/es\/wp-json\/wp\/v2\/posts\/608319","targetHints":{"allow":["GET"]}}],"collection":[{"href":"https:\/\/dimensionturistica.com\/es\/wp-json\/wp\/v2\/posts"}],"about":[{"href":"https:\/\/dimensionturistica.com\/es\/wp-json\/wp\/v2\/types\/post"}],"author":[{"embeddable":true,"href":"https:\/\/dimensionturistica.com\/es\/wp-json\/wp\/v2\/users\/4"}],"replies":[{"embeddable":true,"href":"https:\/\/dimensionturistica.com\/es\/wp-json\/wp\/v2\/comments?post=608319"}],"version-history":[{"count":0,"href":"https:\/\/dimensionturistica.com\/es\/wp-json\/wp\/v2\/posts\/608319\/revisions"}],"wp:attachment":[{"href":"https:\/\/dimensionturistica.com\/es\/wp-json\/wp\/v2\/media?parent=608319"}],"wp:term":[{"taxonomy":"category","embeddable":true,"href":"https:\/\/dimensionturistica.com\/es\/wp-json\/wp\/v2\/categories?post=608319"},{"taxonomy":"post_tag","embeddable":true,"href":"https:\/\/dimensionturistica.com\/es\/wp-json\/wp\/v2\/tags?post=608319"}],"curies":[{"name":"wp","href":"https:\/\/api.w.org\/{rel}","templated":true}]}}