{"id":603505,"date":"2023-08-16T01:31:32","date_gmt":"2023-08-16T01:31:32","guid":{"rendered":"https:\/\/dimensionturistica.com\/es\/?p=603505"},"modified":"2023-08-16T01:31:32","modified_gmt":"2023-08-16T01:31:32","slug":"puede-haber-retrasos-en-el-inicio-del-evento","status":"publish","type":"post","link":"https:\/\/dimensionturistica.com\/es\/puede-haber-retrasos-en-el-inicio-del-evento\/","title":{"rendered":"\u00bfPuede haber retrasos en el inicio del evento?"},"content":{"rendered":"<p>\u00a1Atenci\u00f3n viajeros! Exclusivo: posibles retrasos en los viajes del Imserso podr\u00edan generar un revuelo en la industria tur\u00edstica. Seg\u00fan fuentes cercanas, el tan esperado programa de viajes para las personas mayores podr\u00eda sufrir demoras significativas en su inicio.<\/p>\n<p>El Partido Popular (PP) ha lanzado una alerta al respecto, advirtiendo que los viajes del Imserso podr\u00edan comenzar m\u00e1s tarde de lo previsto. Esta noticia ha generado preocupaci\u00f3n no solo entre los potenciales beneficiarios del programa, sino tambi\u00e9n entre las agencias de viajes y los hoteleros que esperaban una temporada alta gracias a la afluencia de los viajeros del Imserso.<\/p>\n<p>Aunque a\u00fan no se ha confirmado oficialmente esta informaci\u00f3n, el rumor ha causado un gran revuelo en el sector tur\u00edstico. Numerosas personas mayores ya han planificado sus vacaciones esperando participar en el programa del Imserso, por lo que un posible retraso ser\u00eda una decepcionante noticia para ellos.<\/p>\n<p>Adem\u00e1s de la repercusi\u00f3n negativa en la imagen del programa, este retraso podr\u00eda tener un impacto econ\u00f3mico significativo en las empresas tur\u00edsticas. Muchas agencias de viajes y hoteles han destinado recursos y personal para atender a los viajeros del Imserso, y un retraso en el inicio del programa podr\u00eda significar p\u00e9rdidas financieras para estas empresas.<\/p>\n<p>Ante esta situaci\u00f3n, el Partido Popular ha instado al gobierno a tomar medidas urgentes y aclarar la situaci\u00f3n. Los representantes del partido solicitan una pronta confirmaci\u00f3n del inicio de los viajes del Imserso, as\u00ed como una explicaci\u00f3n detallada de los posibles retrasos y las acciones que se llevar\u00e1n a cabo para solucionarlos.<\/p>\n<p>Mientras tanto, las personas mayores que esperaban disfrutar de unas vacaciones gracias al programa del Imserso quedan en vilo, sin saber si podr\u00e1n realizar sus anhelados viajes en las fechas programadas.<\/p>\n<p>Sin duda, este posible retraso en los viajes del Imserso ha generado una gran incertidumbre en el sector tur\u00edstico y una creciente expectativa sobre las medidas que se tomar\u00e1n para solucionar la situaci\u00f3n. Permaneceremos atentos a las novedades y actualizaremos esta noticia en cuanto se conozcan m\u00e1s detalles. Mant\u00e9nganse informados, \u00a1el futuro de los viajes del Imserso est\u00e1 en juego!<\/p>\n<p><em> &#8221; Sources www.elespanol.com &#8221; <\/em><\/p>\n","protected":false},"excerpt":{"rendered":"<p>\u00a1Atenci\u00f3n viajeros! Exclusivo: posibles retrasos en los viajes del Imserso podr\u00edan generar un revuelo en la industria tur\u00edstica. Seg\u00fan fuentes cercanas, el tan esperado programa de viajes para las personas mayores podr\u00eda sufrir demoras significativas en su inicio. El Partido Popular (PP) ha lanzado una alerta al respecto, advirtiendo que los viajes del Imserso podr\u00edan [&hellip;]<\/p>\n","protected":false},"author":4,"featured_media":603506,"comment_status":"open","ping_status":"closed","sticky":false,"template":"","format":"standard","meta":{"om_disable_all_campaigns":false,"jnews-multi-image_gallery":[],"jnews_single_post":[],"jnews_primary_category":[],"jnews_social_meta":[],"footnotes":""},"categories":[40],"tags":[87330,87329,813,544],"class_list":["post-603505","post","type-post","status-publish","format-standard","has-post-thumbnail","hentry","category-industria","tag-empiecen-tarde","tag-es-posible","tag-imserso","tag-turismo"],"_links":{"self":[{"href":"https:\/\/dimensionturistica.com\/es\/wp-json\/wp\/v2\/posts\/603505","targetHints":{"allow":["GET"]}}],"collection":[{"href":"https:\/\/dimensionturistica.com\/es\/wp-json\/wp\/v2\/posts"}],"about":[{"href":"https:\/\/dimensionturistica.com\/es\/wp-json\/wp\/v2\/types\/post"}],"author":[{"embeddable":true,"href":"https:\/\/dimensionturistica.com\/es\/wp-json\/wp\/v2\/users\/4"}],"replies":[{"embeddable":true,"href":"https:\/\/dimensionturistica.com\/es\/wp-json\/wp\/v2\/comments?post=603505"}],"version-history":[{"count":0,"href":"https:\/\/dimensionturistica.com\/es\/wp-json\/wp\/v2\/posts\/603505\/revisions"}],"wp:featuredmedia":[{"embeddable":true,"href":"https:\/\/dimensionturistica.com\/es\/wp-json\/wp\/v2\/media\/603506"}],"wp:attachment":[{"href":"https:\/\/dimensionturistica.com\/es\/wp-json\/wp\/v2\/media?parent=603505"}],"wp:term":[{"taxonomy":"category","embeddable":true,"href":"https:\/\/dimensionturistica.com\/es\/wp-json\/wp\/v2\/categories?post=603505"},{"taxonomy":"post_tag","embeddable":true,"href":"https:\/\/dimensionturistica.com\/es\/wp-json\/wp\/v2\/tags?post=603505"}],"curies":[{"name":"wp","href":"https:\/\/api.w.org\/{rel}","templated":true}]}}