{"id":603476,"date":"2023-08-16T00:38:28","date_gmt":"2023-08-16T00:38:28","guid":{"rendered":"https:\/\/dimensionturistica.com\/es\/?p=603476"},"modified":"2023-08-16T00:38:28","modified_gmt":"2023-08-16T00:38:28","slug":"la-mafia-albanesa-que-provee-viajes-ilegales-entre-santander-y-portsmouth-es-desmantelada","status":"publish","type":"post","link":"https:\/\/dimensionturistica.com\/es\/la-mafia-albanesa-que-provee-viajes-ilegales-entre-santander-y-portsmouth-es-desmantelada\/","title":{"rendered":"La mafia albanesa que provee viajes ilegales entre Santander y Portsmouth es desmantelada"},"content":{"rendered":"<p>Explorando los rincones m\u00e1s fascinantes de Bizkaia, nos encontramos con una noticia que ha dejado a todos boquiabiertos. Se trata de un suceso que pone sobre la mesa la creciente influencia de la tecnolog\u00eda en nuestras vidas y c\u00f3mo puede ser utilizada de formas insospechadas.<\/p>\n<p>Desde hace alg\u00fan tiempo, hemos sido testigos del auge de las redes sociales y de su impacto en la sociedad. Una de las plataformas que ha destacado en los \u00faltimos a\u00f1os es TikTok, conocida por su contenido creativo y entretenido. Sin embargo, en esta ocasi\u00f3n, nos encontramos con un hecho sorprendente: TikTok ha cerrado un canal que estaba siendo utilizado por una mafia albanesa.<\/p>\n<p>Sin duda, este acontecimiento nos lleva a reflexionar sobre los peligros ocultos que pueden esconderse detr\u00e1s de la aparente inocencia y diversi\u00f3n de las redes sociales. En este caso en particular, la mafia albanesa estaba utilizando TikTok como una forma de reclutamiento y promoci\u00f3n de actividades il\u00edcitas.<\/p>\n<p>La acci\u00f3n contundente de TikTok al cerrar este canal demuestra la responsabilidad y el compromiso que las plataformas deben tener con sus usuarios. Es necesario hacer frente a aquellos que intentan aprovecharse de la tecnolog\u00eda para sus propios fines nefastos.<\/p>\n<p>Este suceso tambi\u00e9n nos recuerda que nunca debemos bajar la guardia y debemos estar alerta ante posibles amenazas en l\u00ednea. No podemos subestimar el poder de las redes sociales y la capacidad que tienen para influir en nuestras vidas. Es importante educarnos y protegernos para poder disfrutar de sus beneficios sin caer en trampas peligrosas.<\/p>\n<p>Por otro lado, este incidente resalta la importancia de la cooperaci\u00f3n entre las autoridades y las plataformas de redes sociales. La lucha contra el crimen organizado y las actividades ilegales debe ser una tarea conjunta, donde se compartan recursos y se tomen medidas eficaces para garantizar la seguridad de todos.<\/p>\n<p>En conclusi\u00f3n, esta noticia nos muestra que no todo es lo que parece en el mundo de las redes sociales. Debemos ser conscientes de los riesgos que existen y estar preparados para enfrentarlos. Adem\u00e1s, es crucial que las plataformas tomen medidas en\u00e9rgicas contra aquellos que intentan utilizarlas para actividades criminales. La seguridad y el bienestar de los usuarios deben ser siempre la prioridad.<\/p>\n<p><em> &#8221; Fuentes www.elcorreo.com &#8221; <\/em><\/p>\n","protected":false},"excerpt":{"rendered":"<p>Explorando los rincones m\u00e1s fascinantes de Bizkaia, nos encontramos con una noticia que ha dejado a todos boquiabiertos. Se trata de un suceso que pone sobre la mesa la creciente influencia de la tecnolog\u00eda en nuestras vidas y c\u00f3mo puede ser utilizada de formas insospechadas. Desde hace alg\u00fan tiempo, hemos sido testigos del auge de [&hellip;]<\/p>\n","protected":false},"author":4,"featured_media":603477,"comment_status":"open","ping_status":"closed","sticky":false,"template":"","format":"standard","meta":{"om_disable_all_campaigns":false,"jnews-multi-image_gallery":[],"jnews_single_post":[],"jnews_primary_category":[],"jnews_social_meta":[],"footnotes":""},"categories":[39],"tags":[87318,3491,11663,16088,11254,87321,87319,87320,5700,45121,9631,45122,545,10899],"class_list":["post-603476","post","type-post","status-publish","format-standard","has-post-thumbnail","hentry","category-viajes","tag-albanesa","tag-canal","tag-cierra","tag-ilegales","tag-mafia","tag-mafia-albanesa","tag-ofrecia","tag-portsmouth","tag-santander","tag-tik","tag-tik-tok","tag-tok","tag-viajes","tag-viajes-ilegales"],"_links":{"self":[{"href":"https:\/\/dimensionturistica.com\/es\/wp-json\/wp\/v2\/posts\/603476","targetHints":{"allow":["GET"]}}],"collection":[{"href":"https:\/\/dimensionturistica.com\/es\/wp-json\/wp\/v2\/posts"}],"about":[{"href":"https:\/\/dimensionturistica.com\/es\/wp-json\/wp\/v2\/types\/post"}],"author":[{"embeddable":true,"href":"https:\/\/dimensionturistica.com\/es\/wp-json\/wp\/v2\/users\/4"}],"replies":[{"embeddable":true,"href":"https:\/\/dimensionturistica.com\/es\/wp-json\/wp\/v2\/comments?post=603476"}],"version-history":[{"count":0,"href":"https:\/\/dimensionturistica.com\/es\/wp-json\/wp\/v2\/posts\/603476\/revisions"}],"wp:featuredmedia":[{"embeddable":true,"href":"https:\/\/dimensionturistica.com\/es\/wp-json\/wp\/v2\/media\/603477"}],"wp:attachment":[{"href":"https:\/\/dimensionturistica.com\/es\/wp-json\/wp\/v2\/media?parent=603476"}],"wp:term":[{"taxonomy":"category","embeddable":true,"href":"https:\/\/dimensionturistica.com\/es\/wp-json\/wp\/v2\/categories?post=603476"},{"taxonomy":"post_tag","embeddable":true,"href":"https:\/\/dimensionturistica.com\/es\/wp-json\/wp\/v2\/tags?post=603476"}],"curies":[{"name":"wp","href":"https:\/\/api.w.org\/{rel}","templated":true}]}}