{"id":603034,"date":"2023-08-15T13:24:05","date_gmt":"2023-08-15T13:24:05","guid":{"rendered":"https:\/\/dimensionturistica.com\/es\/?p=603034"},"modified":"2023-08-15T13:24:05","modified_gmt":"2023-08-15T13:24:05","slug":"protestas-en-el-transporte-paralizan-la-circulacion-y-causan-caos-en-las-vias","status":"publish","type":"post","link":"https:\/\/dimensionturistica.com\/es\/protestas-en-el-transporte-paralizan-la-circulacion-y-causan-caos-en-las-vias\/","title":{"rendered":"Protestas en el transporte paralizan la circulaci\u00f3n y causan caos en las v\u00edas"},"content":{"rendered":"<p>Bienvenidos a nuestro art\u00edculo mensual de turismo, donde hoy les presentaremos un emocionante destino que estamos seguros les cautivar\u00e1. Antes de sumergirnos en la belleza de este lugar, queremos mencionar un interesante enlace que hemos encontrado en la web, el cual nos ha llamado la atenci\u00f3n por su contenido tan relevante y actualizado.<\/p>\n<p>En este art\u00edculo, se describe la situaci\u00f3n del transporte en una regi\u00f3n particular, donde una serie de eventos inusuales han llevado a la suspensi\u00f3n temporal de los viajes. Nos hablan de bloqueos, filas y hasta quemas, elementos que nos transportan a una situaci\u00f3n turbulenta, pero sin duda fascinante.<\/p>\n<p>\u00bfPor qu\u00e9 mencionamos esto? Bueno, aunque pueda parecer contradictorio, pensamos que es importante reconocer que cada destino tiene sus altibajos, sus momentos de tensi\u00f3n que se resuelven con el correr del tiempo. Los viajes no siempre son simplemente caminar por playas paradis\u00edacas o visitar monumentos espectaculares, sino que tambi\u00e9n implican algunas adversidades y desaf\u00edos.<\/p>\n<p>Dicho esto, es momento de introducirles a nuestro sorprendente destino: una exuberante regi\u00f3n con paisajes de ensue\u00f1o y una historia fascinante. Aqu\u00ed, podr\u00e1n hacer un recorrido a trav\u00e9s de impresionantes monta\u00f1as, maravillarse con cascadas imponentes y explorar valles verdes sin igual. La naturaleza en esta regi\u00f3n es simplemente espectacular y estamos seguros de que les dejar\u00e1 sin palabras.<\/p>\n<p>Adem\u00e1s de su belleza natural, esta regi\u00f3n cuenta con una rica herencia cultural. Podr\u00e1n visitar pintorescos pueblos con calles empedradas y coloridas casas coloniales, y sumergirse en la cultura local a trav\u00e9s de su gastronom\u00eda \u00fanica y tradiciones aut\u00e9nticas. No se olviden de probar los sabores locales, como platos t\u00edpicos y sabrosos postres, que seguramente satisfar\u00e1n su paladar m\u00e1s exigente.<\/p>\n<p>Finalmente, queremos mencionar la amabilidad y hospitalidad de la gente de esta regi\u00f3n. A pesar de los desaf\u00edos que puedan enfrentar de vez en cuando, su esp\u00edritu resiliente y c\u00e1lido les dar\u00e1 la bienvenida y har\u00e1 que se sientan como en casa. No hay nada mejor que conocer una cultura a trav\u00e9s de las personas que la residen, y aqu\u00ed tendr\u00e1n la oportunidad de hacerlo de manera aut\u00e9ntica y enriquecedora.<\/p>\n<p>En conclusi\u00f3n, a pesar de los contratiempos temporales que pueden ocurrir en un destino tur\u00edstico, este lugar que les hemos presentado hoy es un tesoro escondido que vale la pena descubrir. Sus paisajes magn\u00edficos, cultura vibrante y gente encantadora lo convierten en un destino \u00fanico que seguramente dejar\u00e1 una huella imborrable en sus corazones.<\/p>\n<p>\u00a1No pierdan la oportunidad de explorar este maravilloso rinc\u00f3n del mundo y sumergirse en una experiencia inolvidable!<\/p>\n<p><em> &#8221; Fuentes www.eldiario.net &#8221; <\/em><\/p>\n","protected":false},"excerpt":{"rendered":"<p>Bienvenidos a nuestro art\u00edculo mensual de turismo, donde hoy les presentaremos un emocionante destino que estamos seguros les cautivar\u00e1. Antes de sumergirnos en la belleza de este lugar, queremos mencionar un interesante enlace que hemos encontrado en la web, el cual nos ha llamado la atenci\u00f3n por su contenido tan relevante y actualizado. En este [&hellip;]<\/p>\n","protected":false},"author":4,"featured_media":603035,"comment_status":"open","ping_status":"closed","sticky":false,"template":"","format":"standard","meta":{"om_disable_all_campaigns":false,"jnews-multi-image_gallery":[],"jnews_single_post":[],"jnews_primary_category":[],"jnews_social_meta":[],"footnotes":""},"categories":[39],"tags":[16362,7369,87135,83743,87136,653],"class_list":["post-603034","post","type-post","status-publish","format-standard","has-post-thumbnail","hentry","category-viajes","tag-bloqueos","tag-el-diario","tag-filas","tag-quemas","tag-suspension-de-viajes","tag-transporte"],"_links":{"self":[{"href":"https:\/\/dimensionturistica.com\/es\/wp-json\/wp\/v2\/posts\/603034","targetHints":{"allow":["GET"]}}],"collection":[{"href":"https:\/\/dimensionturistica.com\/es\/wp-json\/wp\/v2\/posts"}],"about":[{"href":"https:\/\/dimensionturistica.com\/es\/wp-json\/wp\/v2\/types\/post"}],"author":[{"embeddable":true,"href":"https:\/\/dimensionturistica.com\/es\/wp-json\/wp\/v2\/users\/4"}],"replies":[{"embeddable":true,"href":"https:\/\/dimensionturistica.com\/es\/wp-json\/wp\/v2\/comments?post=603034"}],"version-history":[{"count":0,"href":"https:\/\/dimensionturistica.com\/es\/wp-json\/wp\/v2\/posts\/603034\/revisions"}],"wp:featuredmedia":[{"embeddable":true,"href":"https:\/\/dimensionturistica.com\/es\/wp-json\/wp\/v2\/media\/603035"}],"wp:attachment":[{"href":"https:\/\/dimensionturistica.com\/es\/wp-json\/wp\/v2\/media?parent=603034"}],"wp:term":[{"taxonomy":"category","embeddable":true,"href":"https:\/\/dimensionturistica.com\/es\/wp-json\/wp\/v2\/categories?post=603034"},{"taxonomy":"post_tag","embeddable":true,"href":"https:\/\/dimensionturistica.com\/es\/wp-json\/wp\/v2\/tags?post=603034"}],"curies":[{"name":"wp","href":"https:\/\/api.w.org\/{rel}","templated":true}]}}