{"id":602365,"date":"2023-08-14T17:54:06","date_gmt":"2023-08-14T17:54:06","guid":{"rendered":"https:\/\/dimensionturistica.com\/es\/?p=602365"},"modified":"2023-08-14T17:54:06","modified_gmt":"2023-08-14T17:54:06","slug":"la-sorprendente-imagen-del-famoso-chef-jorge-rausch-de-masterchef-luciendo-una-melena-larga","status":"publish","type":"post","link":"https:\/\/dimensionturistica.com\/es\/la-sorprendente-imagen-del-famoso-chef-jorge-rausch-de-masterchef-luciendo-una-melena-larga\/","title":{"rendered":"La sorprendente imagen del famoso chef Jorge Rausch de MasterChef luciendo una melena larga"},"content":{"rendered":"<p>El look inusual del famoso chef Jorge Rausch de MasterChef ha sido motivo de gran curiosidad y admiraci\u00f3n entre sus seguidores. Una reciente foto del reconocido chef ha captado la atenci\u00f3n de todos, mostrando a Rausch luciendo un cabello largo y deslumbrante.<\/p>\n<p>La imagen, que circula en redes sociales, ha generado gran pol\u00e9mica y debate entre los amantes de la cocina. Algunos se han mostrado sorprendidos por el cambio de estilo del chef, quien siempre se ha caracterizado por su apariencia impecable y su conocimiento culinario excepcional. <\/p>\n<p>Sin embargo, otros aplauden su valent\u00eda y sentido de la moda al atreverse a experimentar con su apariencia. Desde su participaci\u00f3n en el programa de televisi\u00f3n MasterChef, Rausch se ha convertido en un referente para muchos, no solo por su talento en la cocina, sino tambi\u00e9n por su estilo \u00fanico y vanguardista.<\/p>\n<p>Esta sorprendente transformaci\u00f3n capilar ha generado un gran revuelo en las redes sociales, donde los seguidores del chef no han dejado de comentar y compartir la foto en cuesti\u00f3n. Los memes y los comentarios divertidos no se han hecho esperar, y es que la imagen de Jorge Rausch con pelo largo ha dejado a m\u00e1s de uno sin palabras.<\/p>\n<p>Aunque algunos puedan ser esc\u00e9pticos ante este cambio de look, es innegable que el chef Rausch ha conseguido captar la atenci\u00f3n de todos y mantenernos pendientes de su pr\u00f3xima aparici\u00f3n en televisi\u00f3n. Su carisma y talento ya conquistaron nuestros corazones, pero ahora su cabellera larga ha conquistado tambi\u00e9n nuestras miradas.<\/p>\n<p>Sin duda alguna, el chef Jorge Rausch sigue sorprendi\u00e9ndonos con cada uno de sus movimientos. Ya sea en la cocina o en su estilo personal, siempre encuentra la manera de generar expectativa y mantenernos interesados en todo lo que hace. Este nuevo look solo es una muestra m\u00e1s de su indiscutible carisma y capacidad de reinventarse.<\/p>\n<p>Los seguidores del programa MasterChef y los amantes de la buena cocina esperan con ansias descubrir c\u00f3mo este sorprendente cambio de look de Jorge Rausch influir\u00e1 en su presentaci\u00f3n frente a los jueces y en la creaci\u00f3n de sus exquisitos platos. Sin lugar a dudas, el chef seguir\u00e1 siendo una fuente inagotable de inter\u00e9s y admiraci\u00f3n para todos nosotros.<\/p>\n<p><em> &#8221; Sources www.noticiasrcn.com &#8221; <\/em><\/p>\n","protected":false},"excerpt":{"rendered":"<p>El look inusual del famoso chef Jorge Rausch de MasterChef ha sido motivo de gran curiosidad y admiraci\u00f3n entre sus seguidores. Una reciente foto del reconocido chef ha captado la atenci\u00f3n de todos, mostrando a Rausch luciendo un cabello largo y deslumbrante. La imagen, que circula en redes sociales, ha generado gran pol\u00e9mica y debate [&hellip;]<\/p>\n","protected":false},"author":2,"featured_media":602366,"comment_status":"open","ping_status":"closed","sticky":false,"template":"","format":"standard","meta":{"om_disable_all_campaigns":false,"jnews-multi-image_gallery":[],"jnews_single_post":[],"jnews_primary_category":[],"jnews_social_meta":[],"footnotes":""},"categories":[43],"tags":[943,24557,80475,618,22152,86836],"class_list":["post-602365","post","type-post","status-publish","format-standard","has-post-thumbnail","hentry","category-gourmet","tag-chef","tag-foto","tag-jorge-rausch","tag-la","tag-masterchef","tag-pelo-largo"],"_links":{"self":[{"href":"https:\/\/dimensionturistica.com\/es\/wp-json\/wp\/v2\/posts\/602365","targetHints":{"allow":["GET"]}}],"collection":[{"href":"https:\/\/dimensionturistica.com\/es\/wp-json\/wp\/v2\/posts"}],"about":[{"href":"https:\/\/dimensionturistica.com\/es\/wp-json\/wp\/v2\/types\/post"}],"author":[{"embeddable":true,"href":"https:\/\/dimensionturistica.com\/es\/wp-json\/wp\/v2\/users\/2"}],"replies":[{"embeddable":true,"href":"https:\/\/dimensionturistica.com\/es\/wp-json\/wp\/v2\/comments?post=602365"}],"version-history":[{"count":0,"href":"https:\/\/dimensionturistica.com\/es\/wp-json\/wp\/v2\/posts\/602365\/revisions"}],"wp:featuredmedia":[{"embeddable":true,"href":"https:\/\/dimensionturistica.com\/es\/wp-json\/wp\/v2\/media\/602366"}],"wp:attachment":[{"href":"https:\/\/dimensionturistica.com\/es\/wp-json\/wp\/v2\/media?parent=602365"}],"wp:term":[{"taxonomy":"category","embeddable":true,"href":"https:\/\/dimensionturistica.com\/es\/wp-json\/wp\/v2\/categories?post=602365"},{"taxonomy":"post_tag","embeddable":true,"href":"https:\/\/dimensionturistica.com\/es\/wp-json\/wp\/v2\/tags?post=602365"}],"curies":[{"name":"wp","href":"https:\/\/api.w.org\/{rel}","templated":true}]}}