{"id":601814,"date":"2023-08-14T07:13:33","date_gmt":"2023-08-14T07:13:33","guid":{"rendered":"https:\/\/dimensionturistica.com\/es\/?p=601814"},"modified":"2023-08-14T07:13:33","modified_gmt":"2023-08-14T07:13:33","slug":"cordoba-empresaria-2023-continua-recibiendo-mas-solicitudes","status":"publish","type":"post","link":"https:\/\/dimensionturistica.com\/es\/cordoba-empresaria-2023-continua-recibiendo-mas-solicitudes\/","title":{"rendered":"C\u00f3rdoba Empresaria 2023 contin\u00faa recibiendo m\u00e1s solicitudes"},"content":{"rendered":"<p>C\u00f3rdoba: \u00a1Empresaria 2023 sigue cautivando con sus postulaciones!<br \/>\nCada vez son m\u00e1s los emprendedores cordobeses que se suman a la emocionante convocatoria de &#8220;Empresaria 2023&#8221;, una iniciativa que promete revolucionar el panorama empresarial local y potenciar los sue\u00f1os de quienes buscan destacarse en el mundo de los negocios.<\/p>\n<p>El entusiasmo por formar parte de esta prestigiosa competencia no deja de crecer, ya que las postulaciones no paran de llegar. De diferentes sectores y con ideas innovadoras, los empresarios cordobeses se lanzan al desaf\u00edo de presentar sus proyectos y demostrar por qu\u00e9 merecen ser los representantes de su regi\u00f3n.<\/p>\n<p>La diversidad de propuestas es asombrosa y habla de la creatividad y el talento que caracteriza al empresariado cordob\u00e9s. Desde startups tecnol\u00f3gicas hasta proyectos sostenibles, pasando por ideas que buscan mejorar la calidad de vida de las personas, la variedad es infinita.<\/p>\n<p>Pero m\u00e1s all\u00e1 de las propuestas individuales, Empresaria 2023 tambi\u00e9n se presenta como una oportunidad para generar redes y conexiones entre emprendedores. El evento no solo funcionar\u00e1 como una plataforma de visibilidad y promoci\u00f3n para los participantes, sino que tambi\u00e9n fomentar\u00e1 el intercambio de conocimientos y experiencias entre todos los involucrados.<\/p>\n<p>El impacto que Empresaria 2023 est\u00e1 generando en la comunidad empresarial de C\u00f3rdoba es innegable. No solo se trata de un evento de gran relevancia para la ciudad, sino que tambi\u00e9n representa una oportunidad \u00fanica para impulsar el desarrollo econ\u00f3mico y social de la regi\u00f3n.<\/p>\n<p>Los asistentes a este evento tendr\u00e1n la posibilidad de presenciar en primera persona la audacia y el empuje de los emprendedores, as\u00ed como descubrir proyectos que podr\u00edan convertirse en la pr\u00f3xima gran revelaci\u00f3n del mundo empresarial.<\/p>\n<p>Todos aquellos interesados en participar a\u00fan est\u00e1n a tiempo de sumarse a la competici\u00f3n. Las postulaciones se mantendr\u00e1n abiertas hasta finales de este mes y los seleccionados ser\u00e1n anunciados en breve. Sin duda, este ser\u00e1 un evento que nadie querr\u00e1 perderse.<\/p>\n<p>Empresaria 2023 promete emociones, innovaci\u00f3n y oportunidades. C\u00f3rdoba est\u00e1 lista para ser testigo de una competencia que marcar\u00e1 un antes y un despu\u00e9s en el mundo empresarial local. \u00bfTienes una idea que pueda cambiar el juego? \u00a1No dudes en postularte y ser parte de esta experiencia \u00fanica! El destino est\u00e1 en tus manos.<\/p>\n<p><em> &#8221; Sources www.lavoz.com.ar &#8221; <\/em><\/p>\n","protected":false},"excerpt":{"rendered":"<p>C\u00f3rdoba: \u00a1Empresaria 2023 sigue cautivando con sus postulaciones! Cada vez son m\u00e1s los emprendedores cordobeses que se suman a la emocionante convocatoria de &#8220;Empresaria 2023&#8221;, una iniciativa que promete revolucionar el panorama empresarial local y potenciar los sue\u00f1os de quienes buscan destacarse en el mundo de los negocios. El entusiasmo por formar parte de esta [&hellip;]<\/p>\n","protected":false},"author":4,"featured_media":601815,"comment_status":"open","ping_status":"closed","sticky":false,"template":"","format":"standard","meta":{"om_disable_all_campaigns":false,"jnews-multi-image_gallery":[],"jnews_single_post":[],"jnews_primary_category":[],"jnews_social_meta":[],"footnotes":""},"categories":[40],"tags":[13282,86550,1935,69073,719],"class_list":["post-601814","post","type-post","status-publish","format-standard","has-post-thumbnail","hentry","category-industria","tag-13282","tag-cordoba-empresaria","tag-negocios","tag-postulaciones","tag-servicios"],"_links":{"self":[{"href":"https:\/\/dimensionturistica.com\/es\/wp-json\/wp\/v2\/posts\/601814","targetHints":{"allow":["GET"]}}],"collection":[{"href":"https:\/\/dimensionturistica.com\/es\/wp-json\/wp\/v2\/posts"}],"about":[{"href":"https:\/\/dimensionturistica.com\/es\/wp-json\/wp\/v2\/types\/post"}],"author":[{"embeddable":true,"href":"https:\/\/dimensionturistica.com\/es\/wp-json\/wp\/v2\/users\/4"}],"replies":[{"embeddable":true,"href":"https:\/\/dimensionturistica.com\/es\/wp-json\/wp\/v2\/comments?post=601814"}],"version-history":[{"count":0,"href":"https:\/\/dimensionturistica.com\/es\/wp-json\/wp\/v2\/posts\/601814\/revisions"}],"wp:featuredmedia":[{"embeddable":true,"href":"https:\/\/dimensionturistica.com\/es\/wp-json\/wp\/v2\/media\/601815"}],"wp:attachment":[{"href":"https:\/\/dimensionturistica.com\/es\/wp-json\/wp\/v2\/media?parent=601814"}],"wp:term":[{"taxonomy":"category","embeddable":true,"href":"https:\/\/dimensionturistica.com\/es\/wp-json\/wp\/v2\/categories?post=601814"},{"taxonomy":"post_tag","embeddable":true,"href":"https:\/\/dimensionturistica.com\/es\/wp-json\/wp\/v2\/tags?post=601814"}],"curies":[{"name":"wp","href":"https:\/\/api.w.org\/{rel}","templated":true}]}}