{"id":600547,"date":"2023-08-11T18:30:42","date_gmt":"2023-08-11T18:30:42","guid":{"rendered":"https:\/\/dimensionturistica.com\/es\/?p=600547"},"modified":"2023-08-11T18:30:42","modified_gmt":"2023-08-11T18:30:42","slug":"spanish-food-summit-2023-elevating-spains-culinary-identity-on-the-global-stage","status":"publish","type":"post","link":"https:\/\/dimensionturistica.com\/es\/spanish-food-summit-2023-elevating-spains-culinary-identity-on-the-global-stage\/","title":{"rendered":"Spanish Food Summit 2023: Elevating Spain&#8217;s Culinary Identity on the Global Stage"},"content":{"rendered":"<p>Descubriendo la Riqueza Culinaria de Espa\u00f1a: \u00a1Una Cumbre Imperdible!<\/p>\n<p>\u00bfEres un apasionado de la gastronom\u00eda? Si la respuesta es s\u00ed, prep\u00e1rate para vibrar con la incre\u00edble noticia que tenemos para ti. Espa\u00f1a, reconocida internacionalmente por su exquisita cocina, se prepara para ser la anfitriona de la Cumbre Espa\u00f1a: Naci\u00f3n de Alimentos 2023, un evento culinario sin precedentes que promete deleitar a los paladares m\u00e1s exigentes.<\/p>\n<p>Este apasionante acontecimiento, que re\u00fane a los mejores chefs, productores y expertos gastron\u00f3micos del pa\u00eds, tiene como objetivo no solo compartir los secretos mejor guardados de la cocina espa\u00f1ola, sino tambi\u00e9n resaltar la inmensa riqueza alimentaria de esta tierra llena de tradiciones y sabores \u00fanicos.<\/p>\n<p>La Cumbre Espa\u00f1a: Naci\u00f3n de Alimentos 2023 se llevar\u00e1 a cabo en un majestuoso lugar, cuya ubicaci\u00f3n se mantiene en absoluto secreto hasta la fecha del evento. Este misterio a\u00f1ade un toque emocionante y exclusivo a la experiencia, convirti\u00e9ndola en una oportunidad \u00fanica para descubrir nuevos lugares gastron\u00f3micos y ampliar nuestro conocimiento culinario.<\/p>\n<p>Durante tres d\u00edas intensos, los participantes tendr\u00e1n la oportunidad de disfrutar de una amplia variedad de actividades. Desde demostraciones culinarias en vivo, donde los chefs m\u00e1s reconocidos sorprender\u00e1n con sus creaciones m\u00e1s innovadoras, hasta catas de vinos y productos aut\u00f3ctonos que nos transportar\u00e1n a los sabores m\u00e1s aut\u00e9nticos de Espa\u00f1a.<\/p>\n<p>No solo eso, la Cumbre Espa\u00f1a: Naci\u00f3n de Alimentos 2023 contar\u00e1 con paneles de discusi\u00f3n, conferencias magistrales y mesas redondas, donde se debatir\u00e1n temas actuales relacionados con la sostenibilidad, la cocina de vanguardia y el impacto de la alimentaci\u00f3n en nuestra salud.<\/p>\n<p>Sin duda, este evento marcar\u00e1 un hito en el mundo de la gastronom\u00eda, consolidando a Espa\u00f1a como un referente indiscutible en la escena culinaria internacional. Adem\u00e1s, ser\u00e1 una oportunidad \u00fanica para establecer contactos con los l\u00edderes de la industria y descubrir los productos y tendencias que marcar\u00e1n el futuro de la cocina espa\u00f1ola.<\/p>\n<p>\u00bfEst\u00e1s dispuesto a perderte esta experiencia \u00fanica? \u00a1Por supuesto que no! Reserva desde ahora tu lugar en la Cumbre Espa\u00f1a: Naci\u00f3n de Alimentos 2023 y prep\u00e1rate para vivir una experiencia culinaria que te dejar\u00e1 sin aliento.<\/p>\n<p>Haz clic en el siguiente enlace para obtener m\u00e1s informaci\u00f3n sobre la Cumbre Espa\u00f1a: Naci\u00f3n de Alimentos 2023: [enlace al evento]. No dejes que te lo cuenten, s\u00e9 parte de este evento hist\u00f3rico y descubre por qu\u00e9 Espa\u00f1a es considerada una naci\u00f3n de alimentos.<\/p>\n<p>\u00a1Te esperamos en la Cumbre Espa\u00f1a: Naci\u00f3n de Alimentos 2023, donde los sabores y las tradiciones se fusionan en una experiencia \u00fanica e inolvidable!<\/p>\n<p><em> &#8221; Sources www.eliberico.com &#8221; <\/em><\/p>\n","protected":false},"excerpt":{"rendered":"<p>Descubriendo la Riqueza Culinaria de Espa\u00f1a: \u00a1Una Cumbre Imperdible! \u00bfEres un apasionado de la gastronom\u00eda? Si la respuesta es s\u00ed, prep\u00e1rate para vibrar con la incre\u00edble noticia que tenemos para ti. Espa\u00f1a, reconocida internacionalmente por su exquisita cocina, se prepara para ser la anfitriona de la Cumbre Espa\u00f1a: Naci\u00f3n de Alimentos 2023, un evento culinario [&hellip;]<\/p>\n","protected":false},"author":2,"featured_media":0,"comment_status":"open","ping_status":"closed","sticky":false,"template":"","format":"standard","meta":{"om_disable_all_campaigns":false,"jnews-multi-image_gallery":[],"jnews_single_post":[],"jnews_primary_category":[],"jnews_social_meta":[],"footnotes":""},"categories":[43],"tags":[13282,9056,770,85866],"class_list":["post-600547","post","type-post","status-publish","format-standard","hentry","category-gourmet","tag-13282","tag-cumbre","tag-espana","tag-nacion-de-alimentos"],"_links":{"self":[{"href":"https:\/\/dimensionturistica.com\/es\/wp-json\/wp\/v2\/posts\/600547","targetHints":{"allow":["GET"]}}],"collection":[{"href":"https:\/\/dimensionturistica.com\/es\/wp-json\/wp\/v2\/posts"}],"about":[{"href":"https:\/\/dimensionturistica.com\/es\/wp-json\/wp\/v2\/types\/post"}],"author":[{"embeddable":true,"href":"https:\/\/dimensionturistica.com\/es\/wp-json\/wp\/v2\/users\/2"}],"replies":[{"embeddable":true,"href":"https:\/\/dimensionturistica.com\/es\/wp-json\/wp\/v2\/comments?post=600547"}],"version-history":[{"count":0,"href":"https:\/\/dimensionturistica.com\/es\/wp-json\/wp\/v2\/posts\/600547\/revisions"}],"wp:attachment":[{"href":"https:\/\/dimensionturistica.com\/es\/wp-json\/wp\/v2\/media?parent=600547"}],"wp:term":[{"taxonomy":"category","embeddable":true,"href":"https:\/\/dimensionturistica.com\/es\/wp-json\/wp\/v2\/categories?post=600547"},{"taxonomy":"post_tag","embeddable":true,"href":"https:\/\/dimensionturistica.com\/es\/wp-json\/wp\/v2\/tags?post=600547"}],"curies":[{"name":"wp","href":"https:\/\/api.w.org\/{rel}","templated":true}]}}