{"id":599930,"date":"2023-08-01T19:53:46","date_gmt":"2023-08-01T19:53:46","guid":{"rendered":"https:\/\/dimensionturistica.com\/es\/?p=599930"},"modified":"2024-02-29T17:14:47","modified_gmt":"2024-02-29T17:14:47","slug":"the-best-chef-awards-2023-se-celebrara-en-yucatan-mexico","status":"publish","type":"post","link":"https:\/\/dimensionturistica.com\/es\/the-best-chef-awards-2023-se-celebrara-en-yucatan-mexico\/","title":{"rendered":"The Best Chef Awards 2023, se celebrara en Yucat\u00e1n, M\u00e9xico"},"content":{"rendered":"<p>Tras la gran apoteosis de Madrid, por fin se conoce la identidad del destino que tomar\u00e1 el relevo y acoger\u00e1 la s\u00e9ptima edici\u00f3n de The Best Chef Awards. Yucat\u00e1n, en M\u00e9xico, ha sido designado como la sede de este gran encuentro internacional, cuyo colof\u00f3n ser\u00e1 la entronizaci\u00f3n de El Mejor Cocinero del Mundo. La noche del 20 de noviembre la ciudad de<img decoding=\"async\" class=\" wp-image-599935 alignleft\" src=\"https:\/\/dimensionturistica.com\/es\/wp-content\/uploads\/2023\/08\/2CHEF-300x300.jpg\" alt=\"\" width=\"661\" height=\"661\" srcset=\"https:\/\/dimensionturistica.com\/es\/wp-content\/uploads\/2023\/08\/2CHEF-300x300.jpg 300w, https:\/\/dimensionturistica.com\/es\/wp-content\/uploads\/2023\/08\/2CHEF-150x150.jpg 150w, https:\/\/dimensionturistica.com\/es\/wp-content\/uploads\/2023\/08\/2CHEF-75x75.jpg 75w, https:\/\/dimensionturistica.com\/es\/wp-content\/uploads\/2023\/08\/2CHEF-350x350.jpg 350w, https:\/\/dimensionturistica.com\/es\/wp-content\/uploads\/2023\/08\/2CHEF.jpg 600w\" sizes=\"(max-width: 661px) 100vw, 661px\" \/> M\u00e9rida ser\u00e1 el escenario donde conoceremos qui\u00e9n suma su nombre a un brillante palmar\u00e9s en el que ya figuran los de Joan Roca (El Celler de Can Roca, el mejor en 2017 y 2018), Bj\u00f6rn Frantz\u00e9n (Frantz\u00e9n, 2019), Ren\u00e9 Redzepi (Noma, 2020) y Dabiz Mu\u00f1oz (DiverXO, 2021 y 2022).<br \/>\nDurante tres d\u00edas el universo gastron\u00f3mico centrar\u00e1 su atenci\u00f3n en M\u00e9rida, la capital de Yucat\u00e1n, estado famoso por espectaculares tesoros arqueol\u00f3gicos mayas como Chich\u00e9n Itz\u00e1, Uxmal, Ek Balam, Dzibilchalt\u00fan y Mayap\u00e1n, adem\u00e1s de una historia cultural y arquitect\u00f3nica impresionante,<img decoding=\"async\" class=\" wp-image-599933 alignleft\" src=\"https:\/\/dimensionturistica.com\/es\/wp-content\/uploads\/2023\/08\/4CHEF-300x300.jpg\" alt=\"\" width=\"625\" height=\"625\" srcset=\"https:\/\/dimensionturistica.com\/es\/wp-content\/uploads\/2023\/08\/4CHEF-300x300.jpg 300w, https:\/\/dimensionturistica.com\/es\/wp-content\/uploads\/2023\/08\/4CHEF-150x150.jpg 150w, https:\/\/dimensionturistica.com\/es\/wp-content\/uploads\/2023\/08\/4CHEF-75x75.jpg 75w, https:\/\/dimensionturistica.com\/es\/wp-content\/uploads\/2023\/08\/4CHEF-350x350.jpg 350w, https:\/\/dimensionturistica.com\/es\/wp-content\/uploads\/2023\/08\/4CHEF.jpg 600w\" sizes=\"(max-width: 625px) 100vw, 625px\" \/> playas y cenotes espectaculares y una gastronom\u00eda de primer nivel, que va desde lo ancestral hasta lo contempor\u00e1neo. Diferentes espacios de la ciudad servir\u00e1n de escenario a esta esperada y glamurosa gala final y a las dos jornadas previas de debate y reflexi\u00f3n (Area Talks y Food Meets Science) que tendr\u00e1n lugar a lo largo del fin de semana.<br \/>\nLa elecci\u00f3n de Yucat\u00e1n marca a M\u00e9xico como gran potencia gastron\u00f3mica mundial, ofreciendo todas las posibilidades: desde la sorprendente comida tradicional maya, loncher\u00edas de mercado, comida callejera y restaurantes, tanto contempor\u00e1neos como de alta cocina. No en vano, cuatro chefs mexicanos figuran actualmente en la lista de los 100 mejores cocineros del mundo: Jorge Vallejo (Quintonil, no 57), Elena Reygadas (Rosetta, no 73), Karime L\u00f3pez (Gucci Osteria, no 82) y Santiago Lastra (Kol, no 84). Asimismo, Francisco. Ruano (Alcalde) aparece en la lista de aspirantes firmes a formar parte del nuevo ranking que se har\u00e1 p\u00fablico durante la gala del 20 de noviembre.<img decoding=\"async\" class=\" wp-image-599931 alignleft\" src=\"https:\/\/dimensionturistica.com\/es\/wp-content\/uploads\/2023\/08\/8CHEF-300x300.jpg\" alt=\"\" width=\"613\" height=\"613\" srcset=\"https:\/\/dimensionturistica.com\/es\/wp-content\/uploads\/2023\/08\/8CHEF-300x300.jpg 300w, https:\/\/dimensionturistica.com\/es\/wp-content\/uploads\/2023\/08\/8CHEF-150x150.jpg 150w, https:\/\/dimensionturistica.com\/es\/wp-content\/uploads\/2023\/08\/8CHEF-75x75.jpg 75w, https:\/\/dimensionturistica.com\/es\/wp-content\/uploads\/2023\/08\/8CHEF-350x350.jpg 350w, https:\/\/dimensionturistica.com\/es\/wp-content\/uploads\/2023\/08\/8CHEF.jpg 600w\" sizes=\"(max-width: 613px) 100vw, 613px\" \/><br \/>\nLa clasificaci\u00f3n anual de los mejores chefs del mundo es el resultado de la opini\u00f3n y las votaciones de 380 personas; deciden la misma los 100 chefs que figuran en el ranking vigente, los 100 nuevos candidatos elegidos para la ocasi\u00f3n y una selecci\u00f3n de 180 expertos (periodistas, cr\u00edticos, connoisseurs, fot\u00f3grafos&#8230;) que previamente se encargan, a su vez, de se\u00f1alar estas candidaturas.<br \/>\nLas anteriores ediciones presenciales de The Best Chef Awards se<img decoding=\"async\" class=\" wp-image-599934 alignleft\" src=\"https:\/\/dimensionturistica.com\/es\/wp-content\/uploads\/2023\/08\/3CHEF-300x300.jpg\" alt=\"\" width=\"604\" height=\"604\" srcset=\"https:\/\/dimensionturistica.com\/es\/wp-content\/uploads\/2023\/08\/3CHEF-300x300.jpg 300w, https:\/\/dimensionturistica.com\/es\/wp-content\/uploads\/2023\/08\/3CHEF-150x150.jpg 150w, https:\/\/dimensionturistica.com\/es\/wp-content\/uploads\/2023\/08\/3CHEF-75x75.jpg 75w, https:\/\/dimensionturistica.com\/es\/wp-content\/uploads\/2023\/08\/3CHEF-350x350.jpg 350w, https:\/\/dimensionturistica.com\/es\/wp-content\/uploads\/2023\/08\/3CHEF.jpg 600w\" sizes=\"(max-width: 604px) 100vw, 604px\" \/> celebraron en Varsovia, Mil\u00e1n, Barcelona, \u00c1msterdam y Madrid. Yucat\u00e1n, suma ahora su nombre a esta particular selecci\u00f3n de potencias gastron\u00f3micas, por lo que especialistas y aficionados llegados de todo el planeta tendr\u00e1n oportunidad de disfrutar de las delicias culinarias de esta bella regi\u00f3n del sureste mexicano. Entre ellas se encontrar\u00e1n condimentos como el achiote, el chile habanero, la miel melipona y la naranja agria, adem\u00e1s de platillos t\u00edpicos yucatecos como la cochinita pibil, papadzules, relleno negro, salbutes, pescado en tikin-xic, sopa de lima, poc chuc, mucbipollo, panuchos, huevos motule\u00f1os, frijoles con puerco, queso relleno o productos como la longaniza de Valladolid, entre muchos m\u00e1s.<\/p>\n","protected":false},"excerpt":{"rendered":"<p>Tras la gran apoteosis de Madrid, por fin se conoce la identidad del destino que tomar\u00e1 el relevo y acoger\u00e1 la s\u00e9ptima edici\u00f3n de The Best Chef Awards. Yucat\u00e1n, en M\u00e9xico, ha sido designado como la sede de este gran encuentro internacional, cuyo colof\u00f3n ser\u00e1 la entronizaci\u00f3n de El Mejor Cocinero del Mundo. La noche [&hellip;]<\/p>\n","protected":false},"author":1,"featured_media":599932,"comment_status":"open","ping_status":"closed","sticky":false,"template":"","format":"standard","meta":{"om_disable_all_campaigns":false,"jnews-multi-image_gallery":[],"jnews_single_post":{"source_name":"","source_url":"","via_name":"","via_url":"","override_template":"0","override":[{"template":"1","single_blog_custom":"","parallax":"1","fullscreen":"1","layout":"right-sidebar","sidebar":"default-sidebar","second_sidebar":"default-sidebar","sticky_sidebar":"1","share_position":"top","share_float_style":"share-monocrhome","show_share_counter":"1","show_view_counter":"1","show_featured":"1","show_post_meta":"1","show_post_author":"1","show_post_author_image":"1","show_post_date":"1","post_date_format":"default","post_date_format_custom":"Y\/m\/d","show_post_category":"1","show_post_reading_time":"0","post_reading_time_wpm":"300","show_zoom_button":"0","zoom_button_out_step":"2","zoom_button_in_step":"3","show_post_tag":"1","show_prev_next_post":"1","show_popup_post":"1","number_popup_post":"1","show_author_box":"0","show_post_related":"0","show_inline_post_related":"0"}],"override_image_size":"0","image_override":[{"single_post_thumbnail_size":"crop-500","single_post_gallery_size":"crop-500"}],"trending_post":"0","trending_post_position":"meta","trending_post_label":"Trending","sponsored_post":"0","sponsored_post_label":"Sponsored by","sponsored_post_name":"","sponsored_post_url":"","sponsored_post_logo_enable":"0","sponsored_post_logo":"","sponsored_post_desc":"","disable_ad":"0"},"jnews_primary_category":{"id":"","hide":""},"jnews_social_meta":{"fb_title":"","fb_description":"","fb_image":"","twitter_title":"","twitter_description":"","twitter_image":""},"footnotes":""},"categories":[144872,43],"tags":[],"class_list":["post-599930","post","type-post","status-publish","format-standard","has-post-thumbnail","hentry","category-fashion","category-gourmet"],"_links":{"self":[{"href":"https:\/\/dimensionturistica.com\/es\/wp-json\/wp\/v2\/posts\/599930","targetHints":{"allow":["GET"]}}],"collection":[{"href":"https:\/\/dimensionturistica.com\/es\/wp-json\/wp\/v2\/posts"}],"about":[{"href":"https:\/\/dimensionturistica.com\/es\/wp-json\/wp\/v2\/types\/post"}],"author":[{"embeddable":true,"href":"https:\/\/dimensionturistica.com\/es\/wp-json\/wp\/v2\/users\/1"}],"replies":[{"embeddable":true,"href":"https:\/\/dimensionturistica.com\/es\/wp-json\/wp\/v2\/comments?post=599930"}],"version-history":[{"count":0,"href":"https:\/\/dimensionturistica.com\/es\/wp-json\/wp\/v2\/posts\/599930\/revisions"}],"wp:featuredmedia":[{"embeddable":true,"href":"https:\/\/dimensionturistica.com\/es\/wp-json\/wp\/v2\/media\/599932"}],"wp:attachment":[{"href":"https:\/\/dimensionturistica.com\/es\/wp-json\/wp\/v2\/media?parent=599930"}],"wp:term":[{"taxonomy":"category","embeddable":true,"href":"https:\/\/dimensionturistica.com\/es\/wp-json\/wp\/v2\/categories?post=599930"},{"taxonomy":"post_tag","embeddable":true,"href":"https:\/\/dimensionturistica.com\/es\/wp-json\/wp\/v2\/tags?post=599930"}],"curies":[{"name":"wp","href":"https:\/\/api.w.org\/{rel}","templated":true}]}}