{"id":598705,"date":"2023-07-27T10:37:00","date_gmt":"2023-07-27T10:37:00","guid":{"rendered":"https:\/\/dimensionturistica.com\/es\/?p=598705"},"modified":"2023-07-27T10:37:00","modified_gmt":"2023-07-27T10:37:00","slug":"does-the-consumption-of-highly-processed-foods-contribute-to-depressive-symptoms-and-alterations-in-brain-circuitry","status":"publish","type":"post","link":"https:\/\/dimensionturistica.com\/es\/does-the-consumption-of-highly-processed-foods-contribute-to-depressive-symptoms-and-alterations-in-brain-circuitry\/","title":{"rendered":"Does the Consumption of Highly Processed Foods Contribute to Depressive Symptoms and Alterations in Brain Circuitry?"},"content":{"rendered":"<p>El impacto oculto de los alimentos ultraprocesados en nuestra salud mental<\/p>\n<p>Sabemos que la comida que consumimos tiene un efecto directo en nuestra salud f\u00edsica, pero \u00bfqu\u00e9 pasa con nuestra salud mental? Un estudio reciente realizado por expertos en neurociencia revela una relaci\u00f3n sorprendente entre el consumo de alimentos ultraprocesados y los s\u00edntomas depresivos, as\u00ed como cambios en los circuitos cerebrales.<\/p>\n<p>Los alimentos ultraprocesados, conocidos por su contenido de aditivos qu\u00edmicos y bajo valor nutricional, han ganado popularidad en los \u00faltimos a\u00f1os debido a su comodidad y disponibilidad. Sin embargo, este estudio arroja luz sobre los posibles efectos negativos que pueden tener en nuestra salud mental.<\/p>\n<p>La investigaci\u00f3n se llev\u00f3 a cabo con un grupo de participantes que consum\u00edan regularmente alimentos ultraprocesados y otro grupo que segu\u00eda una dieta m\u00e1s equilibrada. Los resultados fueron asombrosos: aquellos que consum\u00edan una gran cantidad de ultraprocesados mostraron una mayor incidencia de s\u00edntomas depresivos en comparaci\u00f3n con el otro grupo.<\/p>\n<p>Pero los hallazgos no se detuvieron ah\u00ed. Los investigadores tambi\u00e9n utilizaron t\u00e9cnicas de imagen cerebral para examinar los circuitos cerebrales de los participantes, y descubrieron cambios significativos en aquellos que consum\u00edan alimentos ultraprocesados. Espec\u00edficamente, se observ\u00f3 una reducci\u00f3n en el volumen de ciertas \u00e1reas cerebrales relacionadas con el estado de \u00e1nimo y la toma de decisiones.<\/p>\n<p>Estos descubrimientos son especialmente preocupantes debido a la creciente prevalencia de los alimentos ultraprocesados en nuestra sociedad. Desde comida r\u00e1pida hasta bocadillos envasados, estos productos se han convertido en una parte integral de la dieta moderna. Sin embargo, este estudio nos invita a reflexionar sobre los posibles costos ocultos que pueden tener en nuestra salud mental.<\/p>\n<p>Aunque se requiere m\u00e1s investigaci\u00f3n para comprender completamente el mecanismo detr\u00e1s de esta asociaci\u00f3n, los expertos nos advierten sobre los peligros potenciales de una dieta rica en alimentos ultraprocesados. Sugieren la importancia de una alimentaci\u00f3n equilibrada, basada en alimentos frescos y naturales, para promover una buena salud mental.<\/p>\n<p>La salud mental es una preocupaci\u00f3n cada vez mayor en nuestra sociedad, y este estudio nos brinda una nueva perspectiva sobre c\u00f3mo nuestros h\u00e1bitos alimentarios pueden afectarla. Es hora de tomar conciencia de los posibles riesgos de los alimentos ultraprocesados y buscar opciones m\u00e1s saludables para cultivar un bienestar \u00f3ptimo en mente y cuerpo.<\/p>\n<p><em> &#8221; Sources www.ciberisciii.es &#8221; <\/em><\/p>\n","protected":false},"excerpt":{"rendered":"<p>El impacto oculto de los alimentos ultraprocesados en nuestra salud mental Sabemos que la comida que consumimos tiene un efecto directo en nuestra salud f\u00edsica, pero \u00bfqu\u00e9 pasa con nuestra salud mental? Un estudio reciente realizado por expertos en neurociencia revela una relaci\u00f3n sorprendente entre el consumo de alimentos ultraprocesados y los s\u00edntomas depresivos, as\u00ed [&hellip;]<\/p>\n","protected":false},"author":2,"featured_media":0,"comment_status":"open","ping_status":"closed","sticky":false,"template":"","format":"standard","meta":{"om_disable_all_campaigns":false,"jnews-multi-image_gallery":[],"jnews_single_post":[],"jnews_primary_category":[],"jnews_social_meta":[],"footnotes":""},"categories":[43],"tags":[85296,85297,85294,8136,85295],"class_list":["post-598705","post","type-post","status-publish","format-standard","hentry","category-gourmet","tag-cambios-de-volumen","tag-circuitos-cerebrales","tag-consumo-de-ultraprocesados","tag-estudio","tag-sintomas-depresivos"],"_links":{"self":[{"href":"https:\/\/dimensionturistica.com\/es\/wp-json\/wp\/v2\/posts\/598705","targetHints":{"allow":["GET"]}}],"collection":[{"href":"https:\/\/dimensionturistica.com\/es\/wp-json\/wp\/v2\/posts"}],"about":[{"href":"https:\/\/dimensionturistica.com\/es\/wp-json\/wp\/v2\/types\/post"}],"author":[{"embeddable":true,"href":"https:\/\/dimensionturistica.com\/es\/wp-json\/wp\/v2\/users\/2"}],"replies":[{"embeddable":true,"href":"https:\/\/dimensionturistica.com\/es\/wp-json\/wp\/v2\/comments?post=598705"}],"version-history":[{"count":0,"href":"https:\/\/dimensionturistica.com\/es\/wp-json\/wp\/v2\/posts\/598705\/revisions"}],"wp:attachment":[{"href":"https:\/\/dimensionturistica.com\/es\/wp-json\/wp\/v2\/media?parent=598705"}],"wp:term":[{"taxonomy":"category","embeddable":true,"href":"https:\/\/dimensionturistica.com\/es\/wp-json\/wp\/v2\/categories?post=598705"},{"taxonomy":"post_tag","embeddable":true,"href":"https:\/\/dimensionturistica.com\/es\/wp-json\/wp\/v2\/tags?post=598705"}],"curies":[{"name":"wp","href":"https:\/\/api.w.org\/{rel}","templated":true}]}}