{"id":597498,"date":"2023-07-26T00:47:40","date_gmt":"2023-07-26T00:47:40","guid":{"rendered":"https:\/\/dimensionturistica.com\/es\/?p=597498"},"modified":"2023-07-26T00:47:40","modified_gmt":"2023-07-26T00:47:40","slug":"the-son-of-a-regime-minister-appointed-as-ceo-of-agency-that-financed-spanish-influencers-trip-to-cuba","status":"publish","type":"post","link":"https:\/\/dimensionturistica.com\/es\/the-son-of-a-regime-minister-appointed-as-ceo-of-agency-that-financed-spanish-influencers-trip-to-cuba\/","title":{"rendered":"The Son of a Regime Minister Appointed as CEO of Agency That Financed Spanish Influencers&#8217; Trip to Cuba"},"content":{"rendered":"<p>Familiar de alto cargo gubernamental lidera empresa que financia escapada de influyentes<\/p>\n<p>En el fascinante mundo de las redes sociales, los influencers han ganado un lugar destacado en nuestra sociedad, convirti\u00e9ndose en figuras clave para la promoci\u00f3n de productos y marcas. Sin embargo, \u00bfhasta d\u00f3nde estar\u00edan dispuestos a llegar para garantizar una excursi\u00f3n de lujo y notoriedad en sus perfiles? Un reciente descubrimiento en el \u00e1mbito digital ha revelado una sorprendente vinculaci\u00f3n entre uno de los hijos de un importante ministro del r\u00e9gimen y una agencia especializada en auspiciar viajes a influyentes.<\/p>\n<p>Seg\u00fan informaci\u00f3n exclusiva obtenida por nuestra revista, el hijo del reconocido pol\u00edtico se estar\u00eda postulando como el CEO de la mencionada agencia, responsable de financiar los extravagantes viajes de conocidos influencers a destinos paradis\u00edacos. Esta asombrosa coincidencia ha dejado boquiabiertos a muchos, quienes no pueden evitar cuestionar el posible conflicto de intereses que podr\u00eda surgir en esta situaci\u00f3n.<\/p>\n<p>La agencia en cuesti\u00f3n se ha hecho portavoz de valiosos contratos internacionales, asegurando una amplia red de contactos y colaboraciones con grandes marcas y destinos tur\u00edsticos. Sin embargo, la noticia de que un miembro de alto rango gubernamental tiene v\u00ednculos familiares con dicha empresa ha dejado perplejos a los expertos en \u00e9tica empresarial y ha generado un intenso debate en el \u00e1mbito pol\u00edtico y medi\u00e1tico.<\/p>\n<p>El hecho de que el hijo del ministro se postule como CEO de esta agencia no solo levanta dudas sobre su idoneidad para el cargo, sino que tambi\u00e9n plantea interrogantes acerca de posibles privilegios y tr\u00e1fico de influencias. Los cr\u00edticos argumentan que esta situaci\u00f3n podr\u00eda beneficiar no solo a la empresa y a los influencers involucrados, sino tambi\u00e9n al propio ministro y su familia, generando as\u00ed un escenario poco transparente y poco equitativo.<\/p>\n<p>Adem\u00e1s, este descubrimiento pone en tela de juicio el papel de los influencers en la promoci\u00f3n tur\u00edstica y comercial, ya que se evidencia una estrecha relaci\u00f3n entre estos populares personajes de las redes sociales y los poderosos de turno. \u00bfHasta qu\u00e9 punto podemos confiar en las recomendaciones y experiencias compartidas por estos influyentes, si sus viajes est\u00e1n financiados por empresas vinculadas a altas esferas gubernamentales?<\/p>\n<p>La pol\u00e9mica est\u00e1 servida y, sin duda, este revelador hallazgo dar\u00e1 mucho de qu\u00e9 hablar en los pr\u00f3ximos d\u00edas. La sociedad reclama transparencia y equidad en todos los \u00e1mbitos, y el mundo digital no deber\u00eda ser una excepci\u00f3n. Queda por ver c\u00f3mo se desarrollar\u00e1n los acontecimientos y si las partes involucradas podr\u00e1n esclarecer los v\u00ednculos y posibles conflictos de inter\u00e9s que se han puesto sobre la mesa.<\/p>\n<p><em> &#8221; Sources adncuba.com &#8221; <\/em><\/p>\n","protected":false},"excerpt":{"rendered":"<p>Familiar de alto cargo gubernamental lidera empresa que financia escapada de influyentes En el fascinante mundo de las redes sociales, los influencers han ganado un lugar destacado en nuestra sociedad, convirti\u00e9ndose en figuras clave para la promoci\u00f3n de productos y marcas. Sin embargo, \u00bfhasta d\u00f3nde estar\u00edan dispuestos a llegar para garantizar una excursi\u00f3n de lujo [&hellip;]<\/p>\n","protected":false},"author":4,"featured_media":597499,"comment_status":"open","ping_status":"closed","sticky":false,"template":"","format":"standard","meta":{"om_disable_all_campaigns":false,"jnews-multi-image_gallery":[],"jnews_single_post":[],"jnews_primary_category":[],"jnews_social_meta":[],"footnotes":""},"categories":[40],"tags":[752,10199,956,84710,84711,681],"class_list":["post-597498","post","type-post","status-publish","format-standard","has-post-thumbnail","hentry","category-industria","tag-agencia","tag-ceo","tag-cuba","tag-hijo-de-ministro-del-regimen","tag-influencers-espanoles","tag-viaje"],"_links":{"self":[{"href":"https:\/\/dimensionturistica.com\/es\/wp-json\/wp\/v2\/posts\/597498","targetHints":{"allow":["GET"]}}],"collection":[{"href":"https:\/\/dimensionturistica.com\/es\/wp-json\/wp\/v2\/posts"}],"about":[{"href":"https:\/\/dimensionturistica.com\/es\/wp-json\/wp\/v2\/types\/post"}],"author":[{"embeddable":true,"href":"https:\/\/dimensionturistica.com\/es\/wp-json\/wp\/v2\/users\/4"}],"replies":[{"embeddable":true,"href":"https:\/\/dimensionturistica.com\/es\/wp-json\/wp\/v2\/comments?post=597498"}],"version-history":[{"count":0,"href":"https:\/\/dimensionturistica.com\/es\/wp-json\/wp\/v2\/posts\/597498\/revisions"}],"wp:featuredmedia":[{"embeddable":true,"href":"https:\/\/dimensionturistica.com\/es\/wp-json\/wp\/v2\/media\/597499"}],"wp:attachment":[{"href":"https:\/\/dimensionturistica.com\/es\/wp-json\/wp\/v2\/media?parent=597498"}],"wp:term":[{"taxonomy":"category","embeddable":true,"href":"https:\/\/dimensionturistica.com\/es\/wp-json\/wp\/v2\/categories?post=597498"},{"taxonomy":"post_tag","embeddable":true,"href":"https:\/\/dimensionturistica.com\/es\/wp-json\/wp\/v2\/tags?post=597498"}],"curies":[{"name":"wp","href":"https:\/\/api.w.org\/{rel}","templated":true}]}}