{"id":597124,"date":"2023-07-25T16:20:46","date_gmt":"2023-07-25T16:20:46","guid":{"rendered":"https:\/\/dimensionturistica.com\/es\/?p=597124"},"modified":"2023-07-25T16:20:46","modified_gmt":"2023-07-25T16:20:46","slug":"cusco-local-emerges-as-the-sole-south-american-among-the-worlds-top-eight-coffee-tasters","status":"publish","type":"post","link":"https:\/\/dimensionturistica.com\/es\/cusco-local-emerges-as-the-sole-south-american-among-the-worlds-top-eight-coffee-tasters\/","title":{"rendered":"Cusco local emerges as the sole South American among the world&#8217;s top eight coffee tasters"},"content":{"rendered":"<p>Per\u00fa en la cima: Cusque\u00f1o se consagra como el \u00fanico sudamericano entre los excelentes catadores de caf\u00e9 a nivel mundial<\/p>\n<p>Un destello de talento y pasi\u00f3n por el caf\u00e9 ha permitido que un cusque\u00f1o ponga en alto el nombre de Per\u00fa en el exigente mundo de la cata de caf\u00e9. En una noticia que ha desatado un verdadero frenes\u00ed entre los amantes de esta exquisita bebida, se ha revelado que un aut\u00e9ntico experto cafetero de Cusco ha logrado posicionarse entre los mejores catadores del mundo.<\/p>\n<p>El aroma embriagante y el sabor inigualable del caf\u00e9 peruano no pasan desapercibidos, y gracias a la dedicaci\u00f3n y habilidades \u00fanicas de este catador cusque\u00f1o, m\u00e1s ojos se posar\u00e1n en nuestro pa\u00eds para descubrir los secretos detr\u00e1s de una taza de caf\u00e9 perfecta.<\/p>\n<p>Es un honor destacar que dentro de este selecto grupo de los ocho mejores catadores globales, nuestro extraordinario representante es el \u00fanico sudamericano en el ranking. Un logro sin precedentes que llena de orgullo a toda la naci\u00f3n.<\/p>\n<p>Este cusque\u00f1o, cuyo nombre no se revela por motivos de privacidad, ha recorrido incansablemente plantaciones de caf\u00e9 en busca de los granos m\u00e1s selectos y ha dedicado a\u00f1os de su vida a perfeccionar su paladar y olfato. Su objetivo siempre ha sido encontrar la combinaci\u00f3n perfecta entre notas dulces, acidez equilibrada y cuerpo cautivador en cada taza que degusta.<\/p>\n<p>La trascendencia de este reconocimiento no solo radica en el prestigio personal que ha obtenido nuestro distinguido cafetero, sino tambi\u00e9n en el impacto que ello genera en la industria cafetalera peruana. Con una rica historia y tradici\u00f3n cafetera, Per\u00fa contin\u00faa consolid\u00e1ndose como un referente en producci\u00f3n y calidad a nivel internacional.<\/p>\n<p>Esta destacada haza\u00f1a nos invita a apreciar a\u00fan m\u00e1s la riqueza natural y cultural de nuestra tierra. El caf\u00e9 peruano, con su aroma embriagador y sabores inigualables, encierra en cada taza un pedacito de nuestra identidad y nos conecta con el legado ancestral que caracteriza a nuestro pa\u00eds.<\/p>\n<p>Sin duda, este logro es un est\u00edmulo para que nuevos talentos emerjan y sigan cultivando la excelencia del caf\u00e9 peruano. Adem\u00e1s, es un llamado a todos los amantes del buen caf\u00e9 a descubrir la magia de una taza de caf\u00e9 aut\u00e9nticamente peruano, un verdadero tesoro que merece ser apreciado y disfrutado.<\/p>\n<p>Enhorabuena a nuestro cusque\u00f1o pionero, cuyo trabajo y dedicaci\u00f3n han colocado a Per\u00fa en el mapa mundial del caf\u00e9. Sigamos apoyando y celebrando los logros de nuestros talentosos compatriotas, que con su esfuerzo y pasi\u00f3n nos llenan de orgullo y nos inspiran a alcanzar nuevas metas.<\/p>\n<p><em> &#8221; Sources www.infobae.com &#8221; <\/em><\/p>\n","protected":false},"excerpt":{"rendered":"<p>Per\u00fa en la cima: Cusque\u00f1o se consagra como el \u00fanico sudamericano entre los excelentes catadores de caf\u00e9 a nivel mundial Un destello de talento y pasi\u00f3n por el caf\u00e9 ha permitido que un cusque\u00f1o ponga en alto el nombre de Per\u00fa en el exigente mundo de la cata de caf\u00e9. En una noticia que ha [&hellip;]<\/p>\n","protected":false},"author":2,"featured_media":597125,"comment_status":"open","ping_status":"closed","sticky":false,"template":"","format":"standard","meta":{"om_disable_all_campaigns":false,"jnews-multi-image_gallery":[],"jnews_single_post":[],"jnews_primary_category":[],"jnews_social_meta":[],"footnotes":""},"categories":[43],"tags":[84513,84515,797,84512,84514],"class_list":["post-597124","post","type-post","status-publish","format-standard","has-post-thumbnail","hentry","category-gourmet","tag-cusqueno","tag-mejores-ocho-catadores-de-cafe","tag-mundo","tag-peru-en-el-top","tag-unico-sudamericano"],"_links":{"self":[{"href":"https:\/\/dimensionturistica.com\/es\/wp-json\/wp\/v2\/posts\/597124","targetHints":{"allow":["GET"]}}],"collection":[{"href":"https:\/\/dimensionturistica.com\/es\/wp-json\/wp\/v2\/posts"}],"about":[{"href":"https:\/\/dimensionturistica.com\/es\/wp-json\/wp\/v2\/types\/post"}],"author":[{"embeddable":true,"href":"https:\/\/dimensionturistica.com\/es\/wp-json\/wp\/v2\/users\/2"}],"replies":[{"embeddable":true,"href":"https:\/\/dimensionturistica.com\/es\/wp-json\/wp\/v2\/comments?post=597124"}],"version-history":[{"count":0,"href":"https:\/\/dimensionturistica.com\/es\/wp-json\/wp\/v2\/posts\/597124\/revisions"}],"wp:featuredmedia":[{"embeddable":true,"href":"https:\/\/dimensionturistica.com\/es\/wp-json\/wp\/v2\/media\/597125"}],"wp:attachment":[{"href":"https:\/\/dimensionturistica.com\/es\/wp-json\/wp\/v2\/media?parent=597124"}],"wp:term":[{"taxonomy":"category","embeddable":true,"href":"https:\/\/dimensionturistica.com\/es\/wp-json\/wp\/v2\/categories?post=597124"},{"taxonomy":"post_tag","embeddable":true,"href":"https:\/\/dimensionturistica.com\/es\/wp-json\/wp\/v2\/tags?post=597124"}],"curies":[{"name":"wp","href":"https:\/\/api.w.org\/{rel}","templated":true}]}}