{"id":593887,"date":"2023-07-22T11:09:34","date_gmt":"2023-07-22T11:09:34","guid":{"rendered":"https:\/\/dimensionturistica.com\/es\/?p=593887"},"modified":"2023-07-22T11:09:34","modified_gmt":"2023-07-22T11:09:34","slug":"grupo-merica-foods-becomes-official-provider-for-la-vuelta-23","status":"publish","type":"post","link":"https:\/\/dimensionturistica.com\/es\/grupo-merica-foods-becomes-official-provider-for-la-vuelta-23\/","title":{"rendered":"Grupo M\u00e9rica Foods becomes official provider for La Vuelta 23"},"content":{"rendered":"<p>La emocionante noticia ha llegado desde el mundo del ciclismo. El prestigioso Grupo Merica Foods se une a La Vuelta 23 como proveedor oficial, generando un gran revuelo dentro y fuera del pelot\u00f3n. Esta alianza estrat\u00e9gica promete traer nuevas y sabrosas experiencias durante la competencia m\u00e1s importante de Espa\u00f1a.<\/p>\n<p>Con su amplio repertorio de productos de alta calidad, Grupo Merica Foods se ha ganado el reconocimiento a nivel nacional e internacional. No es sorpresa que hayan decidido asociarse con La Vuelta, ya que comparten una pasi\u00f3n por el deporte y la excelencia.<\/p>\n<p>La participaci\u00f3n de Grupo Merica Foods como proveedor oficial de La Vuelta 23 asegurar\u00e1 una oferta gastron\u00f3mica de primer nivel para los ciclistas y el p\u00fablico en general. Desde deliciosos snacks energ\u00e9ticos hasta comidas gourmet, los participantes podr\u00e1n disfrutar de una amplia variedad de opciones para recargar sus bater\u00edas durante las etapas.<\/p>\n<p>Adem\u00e1s, esta colaboraci\u00f3n no solo se limitar\u00e1 a la alimentaci\u00f3n. Grupo Merica Foods tambi\u00e9n se encargar\u00e1 de personalizar los suministros de nutrici\u00f3n de los equipos participantes, adaptando cada producto a las necesidades y preferencias de los ciclistas de \u00e9lite.<\/p>\n<p>La importancia de una buena nutrici\u00f3n durante una competencia de alto rendimiento como La Vuelta 23 no puede ser subestimada. Por eso, contar con la experiencia y el respaldo de Grupo Merica Foods es un gran puntaje para los organizadores. Los ciclistas podr\u00e1n estar seguros de que recibir\u00e1n los nutrientes necesarios para alcanzar su m\u00e1ximo potencial y superar cualquier desaf\u00edo que se les presente.<\/p>\n<p>Sin duda, esta emocionante noticia ha generado un gran inter\u00e9s en el mundo del ciclismo. Todos estamos ansiosos por disfrutar de las delicias que Grupo Merica Foods preparar\u00e1 durante La Vuelta 23. Esta alianza entre la excelencia gastron\u00f3mica y el deporte de alto rendimiento promete ser un \u00e9xito rotundo. \u00a1No podemos esperar a ver a los ciclistas en acci\u00f3n mientras deleitan sus paladares con los productos de Grupo Merica Foods!<\/p>\n<p><em> &#8221; Sources www.lavuelta.es &#8221; <\/em><\/p>\n","protected":false},"excerpt":{"rendered":"<p>La emocionante noticia ha llegado desde el mundo del ciclismo. El prestigioso Grupo Merica Foods se une a La Vuelta 23 como proveedor oficial, generando un gran revuelo dentro y fuera del pelot\u00f3n. Esta alianza estrat\u00e9gica promete traer nuevas y sabrosas experiencias durante la competencia m\u00e1s importante de Espa\u00f1a. Con su amplio repertorio de productos [&hellip;]<\/p>\n","protected":false},"author":2,"featured_media":0,"comment_status":"open","ping_status":"closed","sticky":false,"template":"","format":"standard","meta":{"om_disable_all_campaigns":false,"jnews-multi-image_gallery":[],"jnews_single_post":[],"jnews_primary_category":[],"jnews_social_meta":[],"footnotes":""},"categories":[43],"tags":[82527,82531,82530],"class_list":["post-593887","post","type-post","status-publish","format-standard","hentry","category-gourmet","tag-grupo-merica-foods","tag-la-vuelta-23","tag-proveedor-oficial"],"_links":{"self":[{"href":"https:\/\/dimensionturistica.com\/es\/wp-json\/wp\/v2\/posts\/593887","targetHints":{"allow":["GET"]}}],"collection":[{"href":"https:\/\/dimensionturistica.com\/es\/wp-json\/wp\/v2\/posts"}],"about":[{"href":"https:\/\/dimensionturistica.com\/es\/wp-json\/wp\/v2\/types\/post"}],"author":[{"embeddable":true,"href":"https:\/\/dimensionturistica.com\/es\/wp-json\/wp\/v2\/users\/2"}],"replies":[{"embeddable":true,"href":"https:\/\/dimensionturistica.com\/es\/wp-json\/wp\/v2\/comments?post=593887"}],"version-history":[{"count":0,"href":"https:\/\/dimensionturistica.com\/es\/wp-json\/wp\/v2\/posts\/593887\/revisions"}],"wp:attachment":[{"href":"https:\/\/dimensionturistica.com\/es\/wp-json\/wp\/v2\/media?parent=593887"}],"wp:term":[{"taxonomy":"category","embeddable":true,"href":"https:\/\/dimensionturistica.com\/es\/wp-json\/wp\/v2\/categories?post=593887"},{"taxonomy":"post_tag","embeddable":true,"href":"https:\/\/dimensionturistica.com\/es\/wp-json\/wp\/v2\/tags?post=593887"}],"curies":[{"name":"wp","href":"https:\/\/api.w.org\/{rel}","templated":true}]}}